{"id":34972,"date":"2022-08-30T09:18:32","date_gmt":"2022-08-30T13:18:32","guid":{"rendered":"https:\/\/venezuelaprimero.org\/website\/?p=34972"},"modified":"2022-08-30T09:18:32","modified_gmt":"2022-08-30T13:18:32","slug":"escuela-biblica-vacacional-rinde-frutos-en-la-m-t-i-jesus-el-buen-pastor-maracay-edo-aragua","status":"publish","type":"post","link":"https:\/\/venezuelaprimero.org\/website\/escuela-biblica-vacacional-rinde-frutos-en-la-m-t-i-jesus-el-buen-pastor-maracay-edo-aragua\/","title":{"rendered":"Escuela B\u00edblica Vacacional rinde frutos en la M.T.I. \u201cJes\u00fas el Buen Pastor\u201d (Maracay, Edo. Aragua)"},"content":{"rendered":"","protected":false},"excerpt":{"rendered":"<p>La Misi\u00f3n Tipo Iglesia Jes\u00fas el Buen Pastor, ubicada en Maracay Ca\u00f1a de Az\u00facar, Estado Aragua, celebraron la Escuela B\u00edblica Vacacional \u201cEn B\u00fasqueda del Tesoro: Sigamos los pasos de Mois\u00e9s\u201d<\/p>\n","protected":false},"author":2,"featured_media":34974,"comment_status":"closed","ping_status":"closed","sticky":false,"template":"","format":"standard","meta":{"_acf_changed":false,"_et_pb_use_builder":"","_et_pb_old_content":"","_et_gb_content_width":"","footnotes":""},"categories":[4],"tags":[],"class_list":["post-34972","post","type-post","status-publish","format-standard","has-post-thumbnail","hentry","category-noticias"],"acf":[],"yoast_head":"<!-- This site is optimized with the Yoast SEO plugin v23.5 - https:\/\/yoast.com\/wordpress\/plugins\/seo\/ -->\n<title>Escuela B\u00edblica Vacacional rinde frutos en la M.T.I. \u201cJes\u00fas el Buen Pastor\u201d (Maracay, Edo. Aragua) - Venezuela primero<\/title>\n<meta name=\"robots\" content=\"index, follow, max-snippet:-1, max-image-preview:large, max-video-preview:-1\" \/>\n<link rel=\"canonical\" href=\"https:\/\/venezuelaprimero.org\/website\/escuela-biblica-vacacional-rinde-frutos-en-la-m-t-i-jesus-el-buen-pastor-maracay-edo-aragua\/\" \/>\n<meta property=\"og:locale\" content=\"es_ES\" \/>\n<meta property=\"og:type\" content=\"article\" \/>\n<meta property=\"og:title\" content=\"Escuela B\u00edblica Vacacional rinde frutos en la M.T.I. \u201cJes\u00fas el Buen Pastor\u201d (Maracay, Edo. Aragua) - Venezuela primero\" \/>\n<meta property=\"og:description\" content=\"La Misi\u00f3n Tipo Iglesia Jes\u00fas el Buen Pastor, ubicada en Maracay Ca\u00f1a de Az\u00facar, Estado Aragua, celebraron la Escuela B\u00edblica Vacacional \u201cEn B\u00fasqueda del Tesoro: Sigamos los pasos de Mois\u00e9s\u201d\" \/>\n<meta property=\"og:url\" content=\"https:\/\/venezuelaprimero.org\/website\/escuela-biblica-vacacional-rinde-frutos-en-la-m-t-i-jesus-el-buen-pastor-maracay-edo-aragua\/\" \/>\n<meta property=\"og:site_name\" content=\"Venezuela primero\" \/>\n<meta property=\"article:published_time\" content=\"2022-08-30T13:18:32+00:00\" \/>\n<meta property=\"og:image\" content=\"https:\/\/venezuelaprimero.org\/website\/wp-content\/uploads\/2022\/08\/WhatsApp-Image-2022-08-29-at-7.38.09-AM-2.jpeg\" \/>\n\t<meta property=\"og:image:width\" content=\"1040\" \/>\n\t<meta property=\"og:image:height\" content=\"780\" \/>\n\t<meta property=\"og:image:type\" content=\"image\/jpeg\" \/>\n<meta name=\"author\" content=\"gabydeco\" \/>\n<meta name=\"twitter:card\" content=\"summary_large_image\" \/>\n<meta name=\"twitter:label1\" content=\"Escrito por\" \/>\n\t<meta name=\"twitter:data1\" content=\"gabydeco\" \/>\n<script type=\"application\/ld+json\" class=\"yoast-schema-graph\">{\"@context\":\"https:\/\/schema.org\",\"@graph\":[{\"@type\":\"Article\",\"@id\":\"https:\/\/venezuelaprimero.org\/website\/escuela-biblica-vacacional-rinde-frutos-en-la-m-t-i-jesus-el-buen-pastor-maracay-edo-aragua\/#article\",\"isPartOf\":{\"@id\":\"https:\/\/venezuelaprimero.org\/website\/escuela-biblica-vacacional-rinde-frutos-en-la-m-t-i-jesus-el-buen-pastor-maracay-edo-aragua\/\"},\"author\":{\"name\":\"gabydeco\",\"@id\":\"https:\/\/venezuelaprimero.org\/website\/#\/schema\/person\/01d9e060719fbd2baca5f12e8d1c11d7\"},\"headline\":\"Escuela B\u00edblica Vacacional rinde frutos en la M.T.I. \u201cJes\u00fas el Buen Pastor\u201d (Maracay, Edo. Aragua)\",\"datePublished\":\"2022-08-30T13:18:32+00:00\",\"dateModified\":\"2022-08-30T13:18:32+00:00\",\"mainEntityOfPage\":{\"@id\":\"https:\/\/venezuelaprimero.org\/website\/escuela-biblica-vacacional-rinde-frutos-en-la-m-t-i-jesus-el-buen-pastor-maracay-edo-aragua\/\"},\"wordCount\":19,\"publisher\":{\"@id\":\"https:\/\/venezuelaprimero.org\/website\/#organization\"},\"image\":{\"@id\":\"https:\/\/venezuelaprimero.org\/website\/escuela-biblica-vacacional-rinde-frutos-en-la-m-t-i-jesus-el-buen-pastor-maracay-edo-aragua\/#primaryimage\"},\"thumbnailUrl\":\"https:\/\/venezuelaprimero.org\/website\/wp-content\/uploads\/2022\/08\/WhatsApp-Image-2022-08-29-at-7.38.09-AM-2.jpeg\",\"articleSection\":[\"Noticias\"],\"inLanguage\":\"es\"},{\"@type\":\"WebPage\",\"@id\":\"https:\/\/venezuelaprimero.org\/website\/escuela-biblica-vacacional-rinde-frutos-en-la-m-t-i-jesus-el-buen-pastor-maracay-edo-aragua\/\",\"url\":\"https:\/\/venezuelaprimero.org\/website\/escuela-biblica-vacacional-rinde-frutos-en-la-m-t-i-jesus-el-buen-pastor-maracay-edo-aragua\/\",\"name\":\"Escuela B\u00edblica Vacacional rinde frutos en la M.T.I. \u201cJes\u00fas el Buen Pastor\u201d (Maracay, Edo. Aragua) - Venezuela primero\",\"isPartOf\":{\"@id\":\"https:\/\/venezuelaprimero.org\/website\/#website\"},\"primaryImageOfPage\":{\"@id\":\"https:\/\/venezuelaprimero.org\/website\/escuela-biblica-vacacional-rinde-frutos-en-la-m-t-i-jesus-el-buen-pastor-maracay-edo-aragua\/#primaryimage\"},\"image\":{\"@id\":\"https:\/\/venezuelaprimero.org\/website\/escuela-biblica-vacacional-rinde-frutos-en-la-m-t-i-jesus-el-buen-pastor-maracay-edo-aragua\/#primaryimage\"},\"thumbnailUrl\":\"https:\/\/venezuelaprimero.org\/website\/wp-content\/uploads\/2022\/08\/WhatsApp-Image-2022-08-29-at-7.38.09-AM-2.jpeg\",\"datePublished\":\"2022-08-30T13:18:32+00:00\",\"dateModified\":\"2022-08-30T13:18:32+00:00\",\"breadcrumb\":{\"@id\":\"https:\/\/venezuelaprimero.org\/website\/escuela-biblica-vacacional-rinde-frutos-en-la-m-t-i-jesus-el-buen-pastor-maracay-edo-aragua\/#breadcrumb\"},\"inLanguage\":\"es\",\"potentialAction\":[{\"@type\":\"ReadAction\",\"target\":[\"https:\/\/venezuelaprimero.org\/website\/escuela-biblica-vacacional-rinde-frutos-en-la-m-t-i-jesus-el-buen-pastor-maracay-edo-aragua\/\"]}]},{\"@type\":\"ImageObject\",\"inLanguage\":\"es\",\"@id\":\"https:\/\/venezuelaprimero.org\/website\/escuela-biblica-vacacional-rinde-frutos-en-la-m-t-i-jesus-el-buen-pastor-maracay-edo-aragua\/#primaryimage\",\"url\":\"https:\/\/venezuelaprimero.org\/website\/wp-content\/uploads\/2022\/08\/WhatsApp-Image-2022-08-29-at-7.38.09-AM-2.jpeg\",\"contentUrl\":\"https:\/\/venezuelaprimero.org\/website\/wp-content\/uploads\/2022\/08\/WhatsApp-Image-2022-08-29-at-7.38.09-AM-2.jpeg\",\"width\":1040,\"height\":780},{\"@type\":\"BreadcrumbList\",\"@id\":\"https:\/\/venezuelaprimero.org\/website\/escuela-biblica-vacacional-rinde-frutos-en-la-m-t-i-jesus-el-buen-pastor-maracay-edo-aragua\/#breadcrumb\",\"itemListElement\":[{\"@type\":\"ListItem\",\"position\":1,\"name\":\"Portada\",\"item\":\"https:\/\/venezuelaprimero.org\/website\/\"},{\"@type\":\"ListItem\",\"position\":2,\"name\":\"Escuela B\u00edblica Vacacional rinde frutos en la M.T.I. \u201cJes\u00fas el Buen Pastor\u201d (Maracay, Edo. Aragua)\"}]},{\"@type\":\"WebSite\",\"@id\":\"https:\/\/venezuelaprimero.org\/website\/#website\",\"url\":\"https:\/\/venezuelaprimero.org\/website\/\",\"name\":\"Pagina web del distrito Venezuela Primero\",\"description\":\"Iglesia del nazareno venezuela\",\"publisher\":{\"@id\":\"https:\/\/venezuelaprimero.org\/website\/#organization\"},\"potentialAction\":[{\"@type\":\"SearchAction\",\"target\":{\"@type\":\"EntryPoint\",\"urlTemplate\":\"https:\/\/venezuelaprimero.org\/website\/?s={search_term_string}\"},\"query-input\":{\"@type\":\"PropertyValueSpecification\",\"valueRequired\":true,\"valueName\":\"search_term_string\"}}],\"inLanguage\":\"es\"},{\"@type\":\"Organization\",\"@id\":\"https:\/\/venezuelaprimero.org\/website\/#organization\",\"name\":\"Pagina web del distrito Venezulea Primero- Iglesia del Nazareno\",\"url\":\"https:\/\/venezuelaprimero.org\/website\/\",\"logo\":{\"@type\":\"ImageObject\",\"inLanguage\":\"es\",\"@id\":\"https:\/\/venezuelaprimero.org\/website\/#\/schema\/logo\/image\/\",\"url\":\"https:\/\/venezuelaprimero.org\/website\/wp-content\/uploads\/2021\/05\/logo-2.png\",\"contentUrl\":\"https:\/\/venezuelaprimero.org\/website\/wp-content\/uploads\/2021\/05\/logo-2.png\",\"width\":1318,\"height\":383,\"caption\":\"Pagina web del distrito Venezulea Primero- Iglesia del Nazareno\"},\"image\":{\"@id\":\"https:\/\/venezuelaprimero.org\/website\/#\/schema\/logo\/image\/\"}},{\"@type\":\"Person\",\"@id\":\"https:\/\/venezuelaprimero.org\/website\/#\/schema\/person\/01d9e060719fbd2baca5f12e8d1c11d7\",\"name\":\"gabydeco\",\"image\":{\"@type\":\"ImageObject\",\"inLanguage\":\"es\",\"@id\":\"https:\/\/venezuelaprimero.org\/website\/#\/schema\/person\/image\/\",\"url\":\"https:\/\/secure.gravatar.com\/avatar\/b47079897afbbd66d8511cb3f950b82b991a4323e18912d876131ffc7345f186?s=96&d=mm&r=g\",\"contentUrl\":\"https:\/\/secure.gravatar.com\/avatar\/b47079897afbbd66d8511cb3f950b82b991a4323e18912d876131ffc7345f186?s=96&d=mm&r=g\",\"caption\":\"gabydeco\"}}]}<\/script>\n<!-- \/ Yoast SEO plugin. -->","yoast_head_json":{"title":"Escuela B\u00edblica Vacacional rinde frutos en la M.T.I. \u201cJes\u00fas el Buen Pastor\u201d (Maracay, Edo. Aragua) - Venezuela primero","robots":{"index":"index","follow":"follow","max-snippet":"max-snippet:-1","max-image-preview":"max-image-preview:large","max-video-preview":"max-video-preview:-1"},"canonical":"https:\/\/venezuelaprimero.org\/website\/escuela-biblica-vacacional-rinde-frutos-en-la-m-t-i-jesus-el-buen-pastor-maracay-edo-aragua\/","og_locale":"es_ES","og_type":"article","og_title":"Escuela B\u00edblica Vacacional rinde frutos en la M.T.I. \u201cJes\u00fas el Buen Pastor\u201d (Maracay, Edo. Aragua) - Venezuela primero","og_description":"La Misi\u00f3n Tipo Iglesia Jes\u00fas el Buen Pastor, ubicada en Maracay Ca\u00f1a de Az\u00facar, Estado Aragua, celebraron la Escuela B\u00edblica Vacacional \u201cEn B\u00fasqueda del Tesoro: Sigamos los pasos de Mois\u00e9s\u201d","og_url":"https:\/\/venezuelaprimero.org\/website\/escuela-biblica-vacacional-rinde-frutos-en-la-m-t-i-jesus-el-buen-pastor-maracay-edo-aragua\/","og_site_name":"Venezuela primero","article_published_time":"2022-08-30T13:18:32+00:00","og_image":[{"width":1040,"height":780,"url":"https:\/\/venezuelaprimero.org\/website\/wp-content\/uploads\/2022\/08\/WhatsApp-Image-2022-08-29-at-7.38.09-AM-2.jpeg","type":"image\/jpeg"}],"author":"gabydeco","twitter_card":"summary_large_image","twitter_misc":{"Escrito por":"gabydeco"},"schema":{"@context":"https:\/\/schema.org","@graph":[{"@type":"Article","@id":"https:\/\/venezuelaprimero.org\/website\/escuela-biblica-vacacional-rinde-frutos-en-la-m-t-i-jesus-el-buen-pastor-maracay-edo-aragua\/#article","isPartOf":{"@id":"https:\/\/venezuelaprimero.org\/website\/escuela-biblica-vacacional-rinde-frutos-en-la-m-t-i-jesus-el-buen-pastor-maracay-edo-aragua\/"},"author":{"name":"gabydeco","@id":"https:\/\/venezuelaprimero.org\/website\/#\/schema\/person\/01d9e060719fbd2baca5f12e8d1c11d7"},"headline":"Escuela B\u00edblica Vacacional rinde frutos en la M.T.I. \u201cJes\u00fas el Buen Pastor\u201d (Maracay, Edo. Aragua)","datePublished":"2022-08-30T13:18:32+00:00","dateModified":"2022-08-30T13:18:32+00:00","mainEntityOfPage":{"@id":"https:\/\/venezuelaprimero.org\/website\/escuela-biblica-vacacional-rinde-frutos-en-la-m-t-i-jesus-el-buen-pastor-maracay-edo-aragua\/"},"wordCount":19,"publisher":{"@id":"https:\/\/venezuelaprimero.org\/website\/#organization"},"image":{"@id":"https:\/\/venezuelaprimero.org\/website\/escuela-biblica-vacacional-rinde-frutos-en-la-m-t-i-jesus-el-buen-pastor-maracay-edo-aragua\/#primaryimage"},"thumbnailUrl":"https:\/\/venezuelaprimero.org\/website\/wp-content\/uploads\/2022\/08\/WhatsApp-Image-2022-08-29-at-7.38.09-AM-2.jpeg","articleSection":["Noticias"],"inLanguage":"es"},{"@type":"WebPage","@id":"https:\/\/venezuelaprimero.org\/website\/escuela-biblica-vacacional-rinde-frutos-en-la-m-t-i-jesus-el-buen-pastor-maracay-edo-aragua\/","url":"https:\/\/venezuelaprimero.org\/website\/escuela-biblica-vacacional-rinde-frutos-en-la-m-t-i-jesus-el-buen-pastor-maracay-edo-aragua\/","name":"Escuela B\u00edblica Vacacional rinde frutos en la M.T.I. \u201cJes\u00fas el Buen Pastor\u201d (Maracay, Edo. Aragua) - Venezuela primero","isPartOf":{"@id":"https:\/\/venezuelaprimero.org\/website\/#website"},"primaryImageOfPage":{"@id":"https:\/\/venezuelaprimero.org\/website\/escuela-biblica-vacacional-rinde-frutos-en-la-m-t-i-jesus-el-buen-pastor-maracay-edo-aragua\/#primaryimage"},"image":{"@id":"https:\/\/venezuelaprimero.org\/website\/escuela-biblica-vacacional-rinde-frutos-en-la-m-t-i-jesus-el-buen-pastor-maracay-edo-aragua\/#primaryimage"},"thumbnailUrl":"https:\/\/venezuelaprimero.org\/website\/wp-content\/uploads\/2022\/08\/WhatsApp-Image-2022-08-29-at-7.38.09-AM-2.jpeg","datePublished":"2022-08-30T13:18:32+00:00","dateModified":"2022-08-30T13:18:32+00:00","breadcrumb":{"@id":"https:\/\/venezuelaprimero.org\/website\/escuela-biblica-vacacional-rinde-frutos-en-la-m-t-i-jesus-el-buen-pastor-maracay-edo-aragua\/#breadcrumb"},"inLanguage":"es","potentialAction":[{"@type":"ReadAction","target":["https:\/\/venezuelaprimero.org\/website\/escuela-biblica-vacacional-rinde-frutos-en-la-m-t-i-jesus-el-buen-pastor-maracay-edo-aragua\/"]}]},{"@type":"ImageObject","inLanguage":"es","@id":"https:\/\/venezuelaprimero.org\/website\/escuela-biblica-vacacional-rinde-frutos-en-la-m-t-i-jesus-el-buen-pastor-maracay-edo-aragua\/#primaryimage","url":"https:\/\/venezuelaprimero.org\/website\/wp-content\/uploads\/2022\/08\/WhatsApp-Image-2022-08-29-at-7.38.09-AM-2.jpeg","contentUrl":"https:\/\/venezuelaprimero.org\/website\/wp-content\/uploads\/2022\/08\/WhatsApp-Image-2022-08-29-at-7.38.09-AM-2.jpeg","width":1040,"height":780},{"@type":"BreadcrumbList","@id":"https:\/\/venezuelaprimero.org\/website\/escuela-biblica-vacacional-rinde-frutos-en-la-m-t-i-jesus-el-buen-pastor-maracay-edo-aragua\/#breadcrumb","itemListElement":[{"@type":"ListItem","position":1,"name":"Portada","item":"https:\/\/venezuelaprimero.org\/website\/"},{"@type":"ListItem","position":2,"name":"Escuela B\u00edblica Vacacional rinde frutos en la M.T.I. \u201cJes\u00fas el Buen Pastor\u201d (Maracay, Edo. Aragua)"}]},{"@type":"WebSite","@id":"https:\/\/venezuelaprimero.org\/website\/#website","url":"https:\/\/venezuelaprimero.org\/website\/","name":"Pagina web del distrito Venezuela Primero","description":"Iglesia del nazareno venezuela","publisher":{"@id":"https:\/\/venezuelaprimero.org\/website\/#organization"},"potentialAction":[{"@type":"SearchAction","target":{"@type":"EntryPoint","urlTemplate":"https:\/\/venezuelaprimero.org\/website\/?s={search_term_string}"},"query-input":{"@type":"PropertyValueSpecification","valueRequired":true,"valueName":"search_term_string"}}],"inLanguage":"es"},{"@type":"Organization","@id":"https:\/\/venezuelaprimero.org\/website\/#organization","name":"Pagina web del distrito Venezulea Primero- Iglesia del Nazareno","url":"https:\/\/venezuelaprimero.org\/website\/","logo":{"@type":"ImageObject","inLanguage":"es","@id":"https:\/\/venezuelaprimero.org\/website\/#\/schema\/logo\/image\/","url":"https:\/\/venezuelaprimero.org\/website\/wp-content\/uploads\/2021\/05\/logo-2.png","contentUrl":"https:\/\/venezuelaprimero.org\/website\/wp-content\/uploads\/2021\/05\/logo-2.png","width":1318,"height":383,"caption":"Pagina web del distrito Venezulea Primero- Iglesia del Nazareno"},"image":{"@id":"https:\/\/venezuelaprimero.org\/website\/#\/schema\/logo\/image\/"}},{"@type":"Person","@id":"https:\/\/venezuelaprimero.org\/website\/#\/schema\/person\/01d9e060719fbd2baca5f12e8d1c11d7","name":"gabydeco","image":{"@type":"ImageObject","inLanguage":"es","@id":"https:\/\/venezuelaprimero.org\/website\/#\/schema\/person\/image\/","url":"https:\/\/secure.gravatar.com\/avatar\/b47079897afbbd66d8511cb3f950b82b991a4323e18912d876131ffc7345f186?s=96&d=mm&r=g","contentUrl":"https:\/\/secure.gravatar.com\/avatar\/b47079897afbbd66d8511cb3f950b82b991a4323e18912d876131ffc7345f186?s=96&d=mm&r=g","caption":"gabydeco"}}]}},"_links":{"self":[{"href":"https:\/\/venezuelaprimero.org\/website\/wp-json\/wp\/v2\/posts\/34972","targetHints":{"allow":["GET"]}}],"collection":[{"href":"https:\/\/venezuelaprimero.org\/website\/wp-json\/wp\/v2\/posts"}],"about":[{"href":"https:\/\/venezuelaprimero.org\/website\/wp-json\/wp\/v2\/types\/post"}],"author":[{"embeddable":true,"href":"https:\/\/venezuelaprimero.org\/website\/wp-json\/wp\/v2\/users\/2"}],"replies":[{"embeddable":true,"href":"https:\/\/venezuelaprimero.org\/website\/wp-json\/wp\/v2\/comments?post=34972"}],"version-history":[{"count":1,"href":"https:\/\/venezuelaprimero.org\/website\/wp-json\/wp\/v2\/posts\/34972\/revisions"}],"predecessor-version":[{"id":34977,"href":"https:\/\/venezuelaprimero.org\/website\/wp-json\/wp\/v2\/posts\/34972\/revisions\/34977"}],"wp:featuredmedia":[{"embeddable":true,"href":"https:\/\/venezuelaprimero.org\/website\/wp-json\/wp\/v2\/media\/34974"}],"wp:attachment":[{"href":"https:\/\/venezuelaprimero.org\/website\/wp-json\/wp\/v2\/media?parent=34972"}],"wp:term":[{"taxonomy":"category","embeddable":true,"href":"https:\/\/venezuelaprimero.org\/website\/wp-json\/wp\/v2\/categories?post=34972"},{"taxonomy":"post_tag","embeddable":true,"href":"https:\/\/venezuelaprimero.org\/website\/wp-json\/wp\/v2\/tags?post=34972"}],"curies":[{"name":"wp","href":"https:\/\/api.w.org\/{rel}","templated":true}]}}