{"id":35130,"date":"2022-12-06T15:38:25","date_gmt":"2022-12-06T19:38:25","guid":{"rendered":"https:\/\/venezuelaprimero.org\/website\/?p=35130"},"modified":"2022-12-08T09:11:38","modified_gmt":"2022-12-08T13:11:38","slug":"jovenes-participan-de-una-guerra-de-colores-y-disfrutan-de-una-tarde-diferente-en-la-iglesia-del-nazareno-jesus-la-esperanza-el-limon-edo-aragua","status":"publish","type":"post","link":"https:\/\/venezuelaprimero.org\/website\/jovenes-participan-de-una-guerra-de-colores-y-disfrutan-de-una-tarde-diferente-en-la-iglesia-del-nazareno-jesus-la-esperanza-el-limon-edo-aragua\/","title":{"rendered":"J\u00f3venes participan de una \u201cGuerra de Colores\u201d y disfrutan de una tarde diferente en la Iglesia del Nazareno Jes\u00fas La Esperanza \u201cEl Lim\u00f3n\u201d (Edo. Aragua)"},"content":{"rendered":"<p>[et_pb_section admin_label=&#8221;section&#8221;]<br \/>\n\t\t\t[et_pb_row admin_label=&#8221;row&#8221;]<br \/>\n\t\t\t\t[et_pb_column type=&#8221;4_4&#8243;][\/et_pb_column]<br \/>\n\t\t\t[\/et_pb_row]<br \/>\n\t\t[\/et_pb_section]<\/p>\n","protected":false},"excerpt":{"rendered":"<p>Este 23 de Octubre del a\u00f1o en curso, el ministerio de j\u00f3venes de la Iglesia del Nazareno Jes\u00fas La Esperanza \u201cEl Lim\u00f3n\u201d realiz\u00f3 una actividad especial llamada \u201cGuerra de Colores\u201d con la participaci\u00f3n de 110 personas.<\/p>\n","protected":false},"author":2,"featured_media":35134,"comment_status":"closed","ping_status":"closed","sticky":false,"template":"","format":"standard","meta":{"_acf_changed":false,"_et_pb_use_builder":"on","_et_pb_old_content":"","_et_gb_content_width":"","footnotes":""},"categories":[4],"tags":[],"class_list":["post-35130","post","type-post","status-publish","format-standard","has-post-thumbnail","hentry","category-noticias"],"acf":[],"yoast_head":"<!-- This site is optimized with the Yoast SEO plugin v23.5 - https:\/\/yoast.com\/wordpress\/plugins\/seo\/ -->\n<title>J\u00f3venes participan de una \u201cGuerra de Colores\u201d y disfrutan de una tarde diferente en la Iglesia del Nazareno Jes\u00fas La Esperanza \u201cEl Lim\u00f3n\u201d (Edo. Aragua) - Venezuela primero<\/title>\n<meta name=\"robots\" content=\"index, follow, max-snippet:-1, max-image-preview:large, max-video-preview:-1\" \/>\n<link rel=\"canonical\" href=\"https:\/\/venezuelaprimero.org\/website\/jovenes-participan-de-una-guerra-de-colores-y-disfrutan-de-una-tarde-diferente-en-la-iglesia-del-nazareno-jesus-la-esperanza-el-limon-edo-aragua\/\" \/>\n<meta property=\"og:locale\" content=\"es_ES\" \/>\n<meta property=\"og:type\" content=\"article\" \/>\n<meta property=\"og:title\" content=\"J\u00f3venes participan de una \u201cGuerra de Colores\u201d y disfrutan de una tarde diferente en la Iglesia del Nazareno Jes\u00fas La Esperanza \u201cEl Lim\u00f3n\u201d (Edo. Aragua) - Venezuela primero\" \/>\n<meta property=\"og:description\" content=\"Este 23 de Octubre del a\u00f1o en curso, el ministerio de j\u00f3venes de la Iglesia del Nazareno Jes\u00fas La Esperanza \u201cEl Lim\u00f3n\u201d realiz\u00f3 una actividad especial llamada \u201cGuerra de Colores\u201d con la participaci\u00f3n de 110 personas.\" \/>\n<meta property=\"og:url\" content=\"https:\/\/venezuelaprimero.org\/website\/jovenes-participan-de-una-guerra-de-colores-y-disfrutan-de-una-tarde-diferente-en-la-iglesia-del-nazareno-jesus-la-esperanza-el-limon-edo-aragua\/\" \/>\n<meta property=\"og:site_name\" content=\"Venezuela primero\" \/>\n<meta property=\"article:published_time\" content=\"2022-12-06T19:38:25+00:00\" \/>\n<meta property=\"article:modified_time\" content=\"2022-12-08T13:11:38+00:00\" \/>\n<meta property=\"og:image\" content=\"https:\/\/venezuelaprimero.org\/website\/wp-content\/uploads\/2022\/12\/guerradecolores4.png\" \/>\n\t<meta property=\"og:image:width\" content=\"717\" \/>\n\t<meta property=\"og:image:height\" content=\"373\" \/>\n\t<meta property=\"og:image:type\" content=\"image\/png\" \/>\n<meta name=\"author\" content=\"gabydeco\" \/>\n<meta name=\"twitter:card\" content=\"summary_large_image\" \/>\n<meta name=\"twitter:label1\" content=\"Escrito por\" \/>\n\t<meta name=\"twitter:data1\" content=\"gabydeco\" \/>\n<script type=\"application\/ld+json\" class=\"yoast-schema-graph\">{\"@context\":\"https:\/\/schema.org\",\"@graph\":[{\"@type\":\"Article\",\"@id\":\"https:\/\/venezuelaprimero.org\/website\/jovenes-participan-de-una-guerra-de-colores-y-disfrutan-de-una-tarde-diferente-en-la-iglesia-del-nazareno-jesus-la-esperanza-el-limon-edo-aragua\/#article\",\"isPartOf\":{\"@id\":\"https:\/\/venezuelaprimero.org\/website\/jovenes-participan-de-una-guerra-de-colores-y-disfrutan-de-una-tarde-diferente-en-la-iglesia-del-nazareno-jesus-la-esperanza-el-limon-edo-aragua\/\"},\"author\":{\"name\":\"gabydeco\",\"@id\":\"https:\/\/venezuelaprimero.org\/website\/#\/schema\/person\/01d9e060719fbd2baca5f12e8d1c11d7\"},\"headline\":\"J\u00f3venes participan de una \u201cGuerra de Colores\u201d y disfrutan de una tarde diferente en la Iglesia del Nazareno Jes\u00fas La Esperanza \u201cEl Lim\u00f3n\u201d (Edo. Aragua)\",\"datePublished\":\"2022-12-06T19:38:25+00:00\",\"dateModified\":\"2022-12-08T13:11:38+00:00\",\"mainEntityOfPage\":{\"@id\":\"https:\/\/venezuelaprimero.org\/website\/jovenes-participan-de-una-guerra-de-colores-y-disfrutan-de-una-tarde-diferente-en-la-iglesia-del-nazareno-jesus-la-esperanza-el-limon-edo-aragua\/\"},\"wordCount\":53,\"publisher\":{\"@id\":\"https:\/\/venezuelaprimero.org\/website\/#organization\"},\"image\":{\"@id\":\"https:\/\/venezuelaprimero.org\/website\/jovenes-participan-de-una-guerra-de-colores-y-disfrutan-de-una-tarde-diferente-en-la-iglesia-del-nazareno-jesus-la-esperanza-el-limon-edo-aragua\/#primaryimage\"},\"thumbnailUrl\":\"https:\/\/venezuelaprimero.org\/website\/wp-content\/uploads\/2022\/12\/guerradecolores4.png\",\"articleSection\":[\"Noticias\"],\"inLanguage\":\"es\"},{\"@type\":\"WebPage\",\"@id\":\"https:\/\/venezuelaprimero.org\/website\/jovenes-participan-de-una-guerra-de-colores-y-disfrutan-de-una-tarde-diferente-en-la-iglesia-del-nazareno-jesus-la-esperanza-el-limon-edo-aragua\/\",\"url\":\"https:\/\/venezuelaprimero.org\/website\/jovenes-participan-de-una-guerra-de-colores-y-disfrutan-de-una-tarde-diferente-en-la-iglesia-del-nazareno-jesus-la-esperanza-el-limon-edo-aragua\/\",\"name\":\"J\u00f3venes participan de una \u201cGuerra de Colores\u201d y disfrutan de una tarde diferente en la Iglesia del Nazareno Jes\u00fas La Esperanza \u201cEl Lim\u00f3n\u201d (Edo. Aragua) - Venezuela primero\",\"isPartOf\":{\"@id\":\"https:\/\/venezuelaprimero.org\/website\/#website\"},\"primaryImageOfPage\":{\"@id\":\"https:\/\/venezuelaprimero.org\/website\/jovenes-participan-de-una-guerra-de-colores-y-disfrutan-de-una-tarde-diferente-en-la-iglesia-del-nazareno-jesus-la-esperanza-el-limon-edo-aragua\/#primaryimage\"},\"image\":{\"@id\":\"https:\/\/venezuelaprimero.org\/website\/jovenes-participan-de-una-guerra-de-colores-y-disfrutan-de-una-tarde-diferente-en-la-iglesia-del-nazareno-jesus-la-esperanza-el-limon-edo-aragua\/#primaryimage\"},\"thumbnailUrl\":\"https:\/\/venezuelaprimero.org\/website\/wp-content\/uploads\/2022\/12\/guerradecolores4.png\",\"datePublished\":\"2022-12-06T19:38:25+00:00\",\"dateModified\":\"2022-12-08T13:11:38+00:00\",\"breadcrumb\":{\"@id\":\"https:\/\/venezuelaprimero.org\/website\/jovenes-participan-de-una-guerra-de-colores-y-disfrutan-de-una-tarde-diferente-en-la-iglesia-del-nazareno-jesus-la-esperanza-el-limon-edo-aragua\/#breadcrumb\"},\"inLanguage\":\"es\",\"potentialAction\":[{\"@type\":\"ReadAction\",\"target\":[\"https:\/\/venezuelaprimero.org\/website\/jovenes-participan-de-una-guerra-de-colores-y-disfrutan-de-una-tarde-diferente-en-la-iglesia-del-nazareno-jesus-la-esperanza-el-limon-edo-aragua\/\"]}]},{\"@type\":\"ImageObject\",\"inLanguage\":\"es\",\"@id\":\"https:\/\/venezuelaprimero.org\/website\/jovenes-participan-de-una-guerra-de-colores-y-disfrutan-de-una-tarde-diferente-en-la-iglesia-del-nazareno-jesus-la-esperanza-el-limon-edo-aragua\/#primaryimage\",\"url\":\"https:\/\/venezuelaprimero.org\/website\/wp-content\/uploads\/2022\/12\/guerradecolores4.png\",\"contentUrl\":\"https:\/\/venezuelaprimero.org\/website\/wp-content\/uploads\/2022\/12\/guerradecolores4.png\",\"width\":717,\"height\":373},{\"@type\":\"BreadcrumbList\",\"@id\":\"https:\/\/venezuelaprimero.org\/website\/jovenes-participan-de-una-guerra-de-colores-y-disfrutan-de-una-tarde-diferente-en-la-iglesia-del-nazareno-jesus-la-esperanza-el-limon-edo-aragua\/#breadcrumb\",\"itemListElement\":[{\"@type\":\"ListItem\",\"position\":1,\"name\":\"Portada\",\"item\":\"https:\/\/venezuelaprimero.org\/website\/\"},{\"@type\":\"ListItem\",\"position\":2,\"name\":\"J\u00f3venes participan de una \u201cGuerra de Colores\u201d y disfrutan de una tarde diferente en la Iglesia del Nazareno Jes\u00fas La Esperanza \u201cEl Lim\u00f3n\u201d (Edo. Aragua)\"}]},{\"@type\":\"WebSite\",\"@id\":\"https:\/\/venezuelaprimero.org\/website\/#website\",\"url\":\"https:\/\/venezuelaprimero.org\/website\/\",\"name\":\"Pagina web del distrito Venezuela Primero\",\"description\":\"Iglesia del nazareno venezuela\",\"publisher\":{\"@id\":\"https:\/\/venezuelaprimero.org\/website\/#organization\"},\"potentialAction\":[{\"@type\":\"SearchAction\",\"target\":{\"@type\":\"EntryPoint\",\"urlTemplate\":\"https:\/\/venezuelaprimero.org\/website\/?s={search_term_string}\"},\"query-input\":{\"@type\":\"PropertyValueSpecification\",\"valueRequired\":true,\"valueName\":\"search_term_string\"}}],\"inLanguage\":\"es\"},{\"@type\":\"Organization\",\"@id\":\"https:\/\/venezuelaprimero.org\/website\/#organization\",\"name\":\"Pagina web del distrito Venezulea Primero- Iglesia del Nazareno\",\"url\":\"https:\/\/venezuelaprimero.org\/website\/\",\"logo\":{\"@type\":\"ImageObject\",\"inLanguage\":\"es\",\"@id\":\"https:\/\/venezuelaprimero.org\/website\/#\/schema\/logo\/image\/\",\"url\":\"https:\/\/venezuelaprimero.org\/website\/wp-content\/uploads\/2021\/05\/logo-2.png\",\"contentUrl\":\"https:\/\/venezuelaprimero.org\/website\/wp-content\/uploads\/2021\/05\/logo-2.png\",\"width\":1318,\"height\":383,\"caption\":\"Pagina web del distrito Venezulea Primero- Iglesia del Nazareno\"},\"image\":{\"@id\":\"https:\/\/venezuelaprimero.org\/website\/#\/schema\/logo\/image\/\"}},{\"@type\":\"Person\",\"@id\":\"https:\/\/venezuelaprimero.org\/website\/#\/schema\/person\/01d9e060719fbd2baca5f12e8d1c11d7\",\"name\":\"gabydeco\",\"image\":{\"@type\":\"ImageObject\",\"inLanguage\":\"es\",\"@id\":\"https:\/\/venezuelaprimero.org\/website\/#\/schema\/person\/image\/\",\"url\":\"https:\/\/secure.gravatar.com\/avatar\/b47079897afbbd66d8511cb3f950b82b991a4323e18912d876131ffc7345f186?s=96&d=mm&r=g\",\"contentUrl\":\"https:\/\/secure.gravatar.com\/avatar\/b47079897afbbd66d8511cb3f950b82b991a4323e18912d876131ffc7345f186?s=96&d=mm&r=g\",\"caption\":\"gabydeco\"}}]}<\/script>\n<!-- \/ Yoast SEO plugin. -->","yoast_head_json":{"title":"J\u00f3venes participan de una \u201cGuerra de Colores\u201d y disfrutan de una tarde diferente en la Iglesia del Nazareno Jes\u00fas La Esperanza \u201cEl Lim\u00f3n\u201d (Edo. Aragua) - Venezuela primero","robots":{"index":"index","follow":"follow","max-snippet":"max-snippet:-1","max-image-preview":"max-image-preview:large","max-video-preview":"max-video-preview:-1"},"canonical":"https:\/\/venezuelaprimero.org\/website\/jovenes-participan-de-una-guerra-de-colores-y-disfrutan-de-una-tarde-diferente-en-la-iglesia-del-nazareno-jesus-la-esperanza-el-limon-edo-aragua\/","og_locale":"es_ES","og_type":"article","og_title":"J\u00f3venes participan de una \u201cGuerra de Colores\u201d y disfrutan de una tarde diferente en la Iglesia del Nazareno Jes\u00fas La Esperanza \u201cEl Lim\u00f3n\u201d (Edo. Aragua) - Venezuela primero","og_description":"Este 23 de Octubre del a\u00f1o en curso, el ministerio de j\u00f3venes de la Iglesia del Nazareno Jes\u00fas La Esperanza \u201cEl Lim\u00f3n\u201d realiz\u00f3 una actividad especial llamada \u201cGuerra de Colores\u201d con la participaci\u00f3n de 110 personas.","og_url":"https:\/\/venezuelaprimero.org\/website\/jovenes-participan-de-una-guerra-de-colores-y-disfrutan-de-una-tarde-diferente-en-la-iglesia-del-nazareno-jesus-la-esperanza-el-limon-edo-aragua\/","og_site_name":"Venezuela primero","article_published_time":"2022-12-06T19:38:25+00:00","article_modified_time":"2022-12-08T13:11:38+00:00","og_image":[{"width":717,"height":373,"url":"https:\/\/venezuelaprimero.org\/website\/wp-content\/uploads\/2022\/12\/guerradecolores4.png","type":"image\/png"}],"author":"gabydeco","twitter_card":"summary_large_image","twitter_misc":{"Escrito por":"gabydeco"},"schema":{"@context":"https:\/\/schema.org","@graph":[{"@type":"Article","@id":"https:\/\/venezuelaprimero.org\/website\/jovenes-participan-de-una-guerra-de-colores-y-disfrutan-de-una-tarde-diferente-en-la-iglesia-del-nazareno-jesus-la-esperanza-el-limon-edo-aragua\/#article","isPartOf":{"@id":"https:\/\/venezuelaprimero.org\/website\/jovenes-participan-de-una-guerra-de-colores-y-disfrutan-de-una-tarde-diferente-en-la-iglesia-del-nazareno-jesus-la-esperanza-el-limon-edo-aragua\/"},"author":{"name":"gabydeco","@id":"https:\/\/venezuelaprimero.org\/website\/#\/schema\/person\/01d9e060719fbd2baca5f12e8d1c11d7"},"headline":"J\u00f3venes participan de una \u201cGuerra de Colores\u201d y disfrutan de una tarde diferente en la Iglesia del Nazareno Jes\u00fas La Esperanza \u201cEl Lim\u00f3n\u201d (Edo. Aragua)","datePublished":"2022-12-06T19:38:25+00:00","dateModified":"2022-12-08T13:11:38+00:00","mainEntityOfPage":{"@id":"https:\/\/venezuelaprimero.org\/website\/jovenes-participan-de-una-guerra-de-colores-y-disfrutan-de-una-tarde-diferente-en-la-iglesia-del-nazareno-jesus-la-esperanza-el-limon-edo-aragua\/"},"wordCount":53,"publisher":{"@id":"https:\/\/venezuelaprimero.org\/website\/#organization"},"image":{"@id":"https:\/\/venezuelaprimero.org\/website\/jovenes-participan-de-una-guerra-de-colores-y-disfrutan-de-una-tarde-diferente-en-la-iglesia-del-nazareno-jesus-la-esperanza-el-limon-edo-aragua\/#primaryimage"},"thumbnailUrl":"https:\/\/venezuelaprimero.org\/website\/wp-content\/uploads\/2022\/12\/guerradecolores4.png","articleSection":["Noticias"],"inLanguage":"es"},{"@type":"WebPage","@id":"https:\/\/venezuelaprimero.org\/website\/jovenes-participan-de-una-guerra-de-colores-y-disfrutan-de-una-tarde-diferente-en-la-iglesia-del-nazareno-jesus-la-esperanza-el-limon-edo-aragua\/","url":"https:\/\/venezuelaprimero.org\/website\/jovenes-participan-de-una-guerra-de-colores-y-disfrutan-de-una-tarde-diferente-en-la-iglesia-del-nazareno-jesus-la-esperanza-el-limon-edo-aragua\/","name":"J\u00f3venes participan de una \u201cGuerra de Colores\u201d y disfrutan de una tarde diferente en la Iglesia del Nazareno Jes\u00fas La Esperanza \u201cEl Lim\u00f3n\u201d (Edo. Aragua) - Venezuela primero","isPartOf":{"@id":"https:\/\/venezuelaprimero.org\/website\/#website"},"primaryImageOfPage":{"@id":"https:\/\/venezuelaprimero.org\/website\/jovenes-participan-de-una-guerra-de-colores-y-disfrutan-de-una-tarde-diferente-en-la-iglesia-del-nazareno-jesus-la-esperanza-el-limon-edo-aragua\/#primaryimage"},"image":{"@id":"https:\/\/venezuelaprimero.org\/website\/jovenes-participan-de-una-guerra-de-colores-y-disfrutan-de-una-tarde-diferente-en-la-iglesia-del-nazareno-jesus-la-esperanza-el-limon-edo-aragua\/#primaryimage"},"thumbnailUrl":"https:\/\/venezuelaprimero.org\/website\/wp-content\/uploads\/2022\/12\/guerradecolores4.png","datePublished":"2022-12-06T19:38:25+00:00","dateModified":"2022-12-08T13:11:38+00:00","breadcrumb":{"@id":"https:\/\/venezuelaprimero.org\/website\/jovenes-participan-de-una-guerra-de-colores-y-disfrutan-de-una-tarde-diferente-en-la-iglesia-del-nazareno-jesus-la-esperanza-el-limon-edo-aragua\/#breadcrumb"},"inLanguage":"es","potentialAction":[{"@type":"ReadAction","target":["https:\/\/venezuelaprimero.org\/website\/jovenes-participan-de-una-guerra-de-colores-y-disfrutan-de-una-tarde-diferente-en-la-iglesia-del-nazareno-jesus-la-esperanza-el-limon-edo-aragua\/"]}]},{"@type":"ImageObject","inLanguage":"es","@id":"https:\/\/venezuelaprimero.org\/website\/jovenes-participan-de-una-guerra-de-colores-y-disfrutan-de-una-tarde-diferente-en-la-iglesia-del-nazareno-jesus-la-esperanza-el-limon-edo-aragua\/#primaryimage","url":"https:\/\/venezuelaprimero.org\/website\/wp-content\/uploads\/2022\/12\/guerradecolores4.png","contentUrl":"https:\/\/venezuelaprimero.org\/website\/wp-content\/uploads\/2022\/12\/guerradecolores4.png","width":717,"height":373},{"@type":"BreadcrumbList","@id":"https:\/\/venezuelaprimero.org\/website\/jovenes-participan-de-una-guerra-de-colores-y-disfrutan-de-una-tarde-diferente-en-la-iglesia-del-nazareno-jesus-la-esperanza-el-limon-edo-aragua\/#breadcrumb","itemListElement":[{"@type":"ListItem","position":1,"name":"Portada","item":"https:\/\/venezuelaprimero.org\/website\/"},{"@type":"ListItem","position":2,"name":"J\u00f3venes participan de una \u201cGuerra de Colores\u201d y disfrutan de una tarde diferente en la Iglesia del Nazareno Jes\u00fas La Esperanza \u201cEl Lim\u00f3n\u201d (Edo. Aragua)"}]},{"@type":"WebSite","@id":"https:\/\/venezuelaprimero.org\/website\/#website","url":"https:\/\/venezuelaprimero.org\/website\/","name":"Pagina web del distrito Venezuela Primero","description":"Iglesia del nazareno venezuela","publisher":{"@id":"https:\/\/venezuelaprimero.org\/website\/#organization"},"potentialAction":[{"@type":"SearchAction","target":{"@type":"EntryPoint","urlTemplate":"https:\/\/venezuelaprimero.org\/website\/?s={search_term_string}"},"query-input":{"@type":"PropertyValueSpecification","valueRequired":true,"valueName":"search_term_string"}}],"inLanguage":"es"},{"@type":"Organization","@id":"https:\/\/venezuelaprimero.org\/website\/#organization","name":"Pagina web del distrito Venezulea Primero- Iglesia del Nazareno","url":"https:\/\/venezuelaprimero.org\/website\/","logo":{"@type":"ImageObject","inLanguage":"es","@id":"https:\/\/venezuelaprimero.org\/website\/#\/schema\/logo\/image\/","url":"https:\/\/venezuelaprimero.org\/website\/wp-content\/uploads\/2021\/05\/logo-2.png","contentUrl":"https:\/\/venezuelaprimero.org\/website\/wp-content\/uploads\/2021\/05\/logo-2.png","width":1318,"height":383,"caption":"Pagina web del distrito Venezulea Primero- Iglesia del Nazareno"},"image":{"@id":"https:\/\/venezuelaprimero.org\/website\/#\/schema\/logo\/image\/"}},{"@type":"Person","@id":"https:\/\/venezuelaprimero.org\/website\/#\/schema\/person\/01d9e060719fbd2baca5f12e8d1c11d7","name":"gabydeco","image":{"@type":"ImageObject","inLanguage":"es","@id":"https:\/\/venezuelaprimero.org\/website\/#\/schema\/person\/image\/","url":"https:\/\/secure.gravatar.com\/avatar\/b47079897afbbd66d8511cb3f950b82b991a4323e18912d876131ffc7345f186?s=96&d=mm&r=g","contentUrl":"https:\/\/secure.gravatar.com\/avatar\/b47079897afbbd66d8511cb3f950b82b991a4323e18912d876131ffc7345f186?s=96&d=mm&r=g","caption":"gabydeco"}}]}},"_links":{"self":[{"href":"https:\/\/venezuelaprimero.org\/website\/wp-json\/wp\/v2\/posts\/35130","targetHints":{"allow":["GET"]}}],"collection":[{"href":"https:\/\/venezuelaprimero.org\/website\/wp-json\/wp\/v2\/posts"}],"about":[{"href":"https:\/\/venezuelaprimero.org\/website\/wp-json\/wp\/v2\/types\/post"}],"author":[{"embeddable":true,"href":"https:\/\/venezuelaprimero.org\/website\/wp-json\/wp\/v2\/users\/2"}],"replies":[{"embeddable":true,"href":"https:\/\/venezuelaprimero.org\/website\/wp-json\/wp\/v2\/comments?post=35130"}],"version-history":[{"count":2,"href":"https:\/\/venezuelaprimero.org\/website\/wp-json\/wp\/v2\/posts\/35130\/revisions"}],"predecessor-version":[{"id":35149,"href":"https:\/\/venezuelaprimero.org\/website\/wp-json\/wp\/v2\/posts\/35130\/revisions\/35149"}],"wp:featuredmedia":[{"embeddable":true,"href":"https:\/\/venezuelaprimero.org\/website\/wp-json\/wp\/v2\/media\/35134"}],"wp:attachment":[{"href":"https:\/\/venezuelaprimero.org\/website\/wp-json\/wp\/v2\/media?parent=35130"}],"wp:term":[{"taxonomy":"category","embeddable":true,"href":"https:\/\/venezuelaprimero.org\/website\/wp-json\/wp\/v2\/categories?post=35130"},{"taxonomy":"post_tag","embeddable":true,"href":"https:\/\/venezuelaprimero.org\/website\/wp-json\/wp\/v2\/tags?post=35130"}],"curies":[{"name":"wp","href":"https:\/\/api.w.org\/{rel}","templated":true}]}}