{"id":35193,"date":"2022-12-28T21:29:01","date_gmt":"2022-12-29T01:29:01","guid":{"rendered":"https:\/\/venezuelaprimero.org\/website\/?p=35193"},"modified":"2022-12-28T22:53:05","modified_gmt":"2022-12-29T02:53:05","slug":"maxima-mision-llega-a-los-altos-mirandinos","status":"publish","type":"post","link":"https:\/\/venezuelaprimero.org\/website\/maxima-mision-llega-a-los-altos-mirandinos\/","title":{"rendered":"M\u00e1xima Misi\u00f3n llega a los Altos Mirandinos"},"content":{"rendered":"","protected":false},"excerpt":{"rendered":"<p>La MNI (Misiones Nazarenas Internacionales) del Distrito Primero bajo la direcci\u00f3n de la coordinadora Andrea Dellepere, el Superintendente Rev. Lember Romero y la l\u00edder local Wuilmary de Mend\u00edaz, secretaria del concilio de Misiones Nazarenas Internacionales. Siguiendo uno de sus objetivos que se fijaba en involucrar a los ni\u00f1os, j\u00f3venes y adultos en misiones, y a la iglesia en la misi\u00f3n integral, se realiz\u00f3 el proyecto M\u00e1xima Misi\u00f3n, bajo la visi\u00f3n de Misi\u00f3n Global, en el cual uno de sus objetivos es fomentar liderazgos locales, en el estado Miranda una jornada de M\u00e1xima Misi\u00f3n desde el 2 al 4 de diciembre, y tuvo una participaci\u00f3n general de 60 personas.<\/p>\n","protected":false},"author":2,"featured_media":35209,"comment_status":"closed","ping_status":"closed","sticky":false,"template":"","format":"standard","meta":{"_acf_changed":false,"_et_pb_use_builder":"","_et_pb_old_content":"","_et_gb_content_width":"","footnotes":""},"categories":[4],"tags":[],"class_list":["post-35193","post","type-post","status-publish","format-standard","has-post-thumbnail","hentry","category-noticias"],"acf":[],"yoast_head":"<!-- This site is optimized with the Yoast SEO plugin v23.5 - https:\/\/yoast.com\/wordpress\/plugins\/seo\/ -->\n<title>M\u00e1xima Misi\u00f3n llega a los Altos Mirandinos - Venezuela primero<\/title>\n<meta name=\"robots\" content=\"index, follow, max-snippet:-1, max-image-preview:large, max-video-preview:-1\" \/>\n<link rel=\"canonical\" href=\"https:\/\/venezuelaprimero.org\/website\/maxima-mision-llega-a-los-altos-mirandinos\/\" \/>\n<meta property=\"og:locale\" content=\"es_ES\" \/>\n<meta property=\"og:type\" content=\"article\" \/>\n<meta property=\"og:title\" content=\"M\u00e1xima Misi\u00f3n llega a los Altos Mirandinos - Venezuela primero\" \/>\n<meta property=\"og:description\" content=\"La MNI (Misiones Nazarenas Internacionales) del Distrito Primero bajo la direcci\u00f3n de la coordinadora Andrea Dellepere, el Superintendente Rev. Lember Romero y la l\u00edder local Wuilmary de Mend\u00edaz, secretaria del concilio de Misiones Nazarenas Internacionales. Siguiendo uno de sus objetivos que se fijaba en involucrar a los ni\u00f1os, j\u00f3venes y adultos en misiones, y a la iglesia en la misi\u00f3n integral, se realiz\u00f3 el proyecto M\u00e1xima Misi\u00f3n, bajo la visi\u00f3n de Misi\u00f3n Global, en el cual uno de sus objetivos es fomentar liderazgos locales, en el estado Miranda una jornada de M\u00e1xima Misi\u00f3n desde el 2 al 4 de diciembre, y tuvo una participaci\u00f3n general de 60 personas.\" \/>\n<meta property=\"og:url\" content=\"https:\/\/venezuelaprimero.org\/website\/maxima-mision-llega-a-los-altos-mirandinos\/\" \/>\n<meta property=\"og:site_name\" content=\"Venezuela primero\" \/>\n<meta property=\"article:published_time\" content=\"2022-12-29T01:29:01+00:00\" \/>\n<meta property=\"article:modified_time\" content=\"2022-12-29T02:53:05+00:00\" \/>\n<meta property=\"og:image\" content=\"https:\/\/venezuelaprimero.org\/website\/wp-content\/uploads\/2022\/12\/maximamisionalt.jpeg\" \/>\n\t<meta property=\"og:image:width\" content=\"1080\" \/>\n\t<meta property=\"og:image:height\" content=\"621\" \/>\n\t<meta property=\"og:image:type\" content=\"image\/jpeg\" \/>\n<meta name=\"author\" content=\"gabydeco\" \/>\n<meta name=\"twitter:card\" content=\"summary_large_image\" \/>\n<meta name=\"twitter:label1\" content=\"Escrito por\" \/>\n\t<meta name=\"twitter:data1\" content=\"gabydeco\" \/>\n<script type=\"application\/ld+json\" class=\"yoast-schema-graph\">{\"@context\":\"https:\/\/schema.org\",\"@graph\":[{\"@type\":\"Article\",\"@id\":\"https:\/\/venezuelaprimero.org\/website\/maxima-mision-llega-a-los-altos-mirandinos\/#article\",\"isPartOf\":{\"@id\":\"https:\/\/venezuelaprimero.org\/website\/maxima-mision-llega-a-los-altos-mirandinos\/\"},\"author\":{\"name\":\"gabydeco\",\"@id\":\"https:\/\/venezuelaprimero.org\/website\/#\/schema\/person\/01d9e060719fbd2baca5f12e8d1c11d7\"},\"headline\":\"M\u00e1xima Misi\u00f3n llega a los Altos Mirandinos\",\"datePublished\":\"2022-12-29T01:29:01+00:00\",\"dateModified\":\"2022-12-29T02:53:05+00:00\",\"mainEntityOfPage\":{\"@id\":\"https:\/\/venezuelaprimero.org\/website\/maxima-mision-llega-a-los-altos-mirandinos\/\"},\"wordCount\":9,\"publisher\":{\"@id\":\"https:\/\/venezuelaprimero.org\/website\/#organization\"},\"image\":{\"@id\":\"https:\/\/venezuelaprimero.org\/website\/maxima-mision-llega-a-los-altos-mirandinos\/#primaryimage\"},\"thumbnailUrl\":\"https:\/\/venezuelaprimero.org\/website\/wp-content\/uploads\/2022\/12\/maximamisionalt.jpeg\",\"articleSection\":[\"Noticias\"],\"inLanguage\":\"es\"},{\"@type\":\"WebPage\",\"@id\":\"https:\/\/venezuelaprimero.org\/website\/maxima-mision-llega-a-los-altos-mirandinos\/\",\"url\":\"https:\/\/venezuelaprimero.org\/website\/maxima-mision-llega-a-los-altos-mirandinos\/\",\"name\":\"M\u00e1xima Misi\u00f3n llega a los Altos Mirandinos - Venezuela primero\",\"isPartOf\":{\"@id\":\"https:\/\/venezuelaprimero.org\/website\/#website\"},\"primaryImageOfPage\":{\"@id\":\"https:\/\/venezuelaprimero.org\/website\/maxima-mision-llega-a-los-altos-mirandinos\/#primaryimage\"},\"image\":{\"@id\":\"https:\/\/venezuelaprimero.org\/website\/maxima-mision-llega-a-los-altos-mirandinos\/#primaryimage\"},\"thumbnailUrl\":\"https:\/\/venezuelaprimero.org\/website\/wp-content\/uploads\/2022\/12\/maximamisionalt.jpeg\",\"datePublished\":\"2022-12-29T01:29:01+00:00\",\"dateModified\":\"2022-12-29T02:53:05+00:00\",\"breadcrumb\":{\"@id\":\"https:\/\/venezuelaprimero.org\/website\/maxima-mision-llega-a-los-altos-mirandinos\/#breadcrumb\"},\"inLanguage\":\"es\",\"potentialAction\":[{\"@type\":\"ReadAction\",\"target\":[\"https:\/\/venezuelaprimero.org\/website\/maxima-mision-llega-a-los-altos-mirandinos\/\"]}]},{\"@type\":\"ImageObject\",\"inLanguage\":\"es\",\"@id\":\"https:\/\/venezuelaprimero.org\/website\/maxima-mision-llega-a-los-altos-mirandinos\/#primaryimage\",\"url\":\"https:\/\/venezuelaprimero.org\/website\/wp-content\/uploads\/2022\/12\/maximamisionalt.jpeg\",\"contentUrl\":\"https:\/\/venezuelaprimero.org\/website\/wp-content\/uploads\/2022\/12\/maximamisionalt.jpeg\",\"width\":1080,\"height\":621},{\"@type\":\"BreadcrumbList\",\"@id\":\"https:\/\/venezuelaprimero.org\/website\/maxima-mision-llega-a-los-altos-mirandinos\/#breadcrumb\",\"itemListElement\":[{\"@type\":\"ListItem\",\"position\":1,\"name\":\"Portada\",\"item\":\"https:\/\/venezuelaprimero.org\/website\/\"},{\"@type\":\"ListItem\",\"position\":2,\"name\":\"M\u00e1xima Misi\u00f3n llega a los Altos Mirandinos\"}]},{\"@type\":\"WebSite\",\"@id\":\"https:\/\/venezuelaprimero.org\/website\/#website\",\"url\":\"https:\/\/venezuelaprimero.org\/website\/\",\"name\":\"Pagina web del distrito Venezuela Primero\",\"description\":\"Iglesia del nazareno venezuela\",\"publisher\":{\"@id\":\"https:\/\/venezuelaprimero.org\/website\/#organization\"},\"potentialAction\":[{\"@type\":\"SearchAction\",\"target\":{\"@type\":\"EntryPoint\",\"urlTemplate\":\"https:\/\/venezuelaprimero.org\/website\/?s={search_term_string}\"},\"query-input\":{\"@type\":\"PropertyValueSpecification\",\"valueRequired\":true,\"valueName\":\"search_term_string\"}}],\"inLanguage\":\"es\"},{\"@type\":\"Organization\",\"@id\":\"https:\/\/venezuelaprimero.org\/website\/#organization\",\"name\":\"Pagina web del distrito Venezulea Primero- Iglesia del Nazareno\",\"url\":\"https:\/\/venezuelaprimero.org\/website\/\",\"logo\":{\"@type\":\"ImageObject\",\"inLanguage\":\"es\",\"@id\":\"https:\/\/venezuelaprimero.org\/website\/#\/schema\/logo\/image\/\",\"url\":\"https:\/\/venezuelaprimero.org\/website\/wp-content\/uploads\/2021\/05\/logo-2.png\",\"contentUrl\":\"https:\/\/venezuelaprimero.org\/website\/wp-content\/uploads\/2021\/05\/logo-2.png\",\"width\":1318,\"height\":383,\"caption\":\"Pagina web del distrito Venezulea Primero- Iglesia del Nazareno\"},\"image\":{\"@id\":\"https:\/\/venezuelaprimero.org\/website\/#\/schema\/logo\/image\/\"}},{\"@type\":\"Person\",\"@id\":\"https:\/\/venezuelaprimero.org\/website\/#\/schema\/person\/01d9e060719fbd2baca5f12e8d1c11d7\",\"name\":\"gabydeco\",\"image\":{\"@type\":\"ImageObject\",\"inLanguage\":\"es\",\"@id\":\"https:\/\/venezuelaprimero.org\/website\/#\/schema\/person\/image\/\",\"url\":\"https:\/\/secure.gravatar.com\/avatar\/b47079897afbbd66d8511cb3f950b82b991a4323e18912d876131ffc7345f186?s=96&d=mm&r=g\",\"contentUrl\":\"https:\/\/secure.gravatar.com\/avatar\/b47079897afbbd66d8511cb3f950b82b991a4323e18912d876131ffc7345f186?s=96&d=mm&r=g\",\"caption\":\"gabydeco\"}}]}<\/script>\n<!-- \/ Yoast SEO plugin. -->","yoast_head_json":{"title":"M\u00e1xima Misi\u00f3n llega a los Altos Mirandinos - Venezuela primero","robots":{"index":"index","follow":"follow","max-snippet":"max-snippet:-1","max-image-preview":"max-image-preview:large","max-video-preview":"max-video-preview:-1"},"canonical":"https:\/\/venezuelaprimero.org\/website\/maxima-mision-llega-a-los-altos-mirandinos\/","og_locale":"es_ES","og_type":"article","og_title":"M\u00e1xima Misi\u00f3n llega a los Altos Mirandinos - Venezuela primero","og_description":"La MNI (Misiones Nazarenas Internacionales) del Distrito Primero bajo la direcci\u00f3n de la coordinadora Andrea Dellepere, el Superintendente Rev. Lember Romero y la l\u00edder local Wuilmary de Mend\u00edaz, secretaria del concilio de Misiones Nazarenas Internacionales. Siguiendo uno de sus objetivos que se fijaba en involucrar a los ni\u00f1os, j\u00f3venes y adultos en misiones, y a la iglesia en la misi\u00f3n integral, se realiz\u00f3 el proyecto M\u00e1xima Misi\u00f3n, bajo la visi\u00f3n de Misi\u00f3n Global, en el cual uno de sus objetivos es fomentar liderazgos locales, en el estado Miranda una jornada de M\u00e1xima Misi\u00f3n desde el 2 al 4 de diciembre, y tuvo una participaci\u00f3n general de 60 personas.","og_url":"https:\/\/venezuelaprimero.org\/website\/maxima-mision-llega-a-los-altos-mirandinos\/","og_site_name":"Venezuela primero","article_published_time":"2022-12-29T01:29:01+00:00","article_modified_time":"2022-12-29T02:53:05+00:00","og_image":[{"width":1080,"height":621,"url":"https:\/\/venezuelaprimero.org\/website\/wp-content\/uploads\/2022\/12\/maximamisionalt.jpeg","type":"image\/jpeg"}],"author":"gabydeco","twitter_card":"summary_large_image","twitter_misc":{"Escrito por":"gabydeco"},"schema":{"@context":"https:\/\/schema.org","@graph":[{"@type":"Article","@id":"https:\/\/venezuelaprimero.org\/website\/maxima-mision-llega-a-los-altos-mirandinos\/#article","isPartOf":{"@id":"https:\/\/venezuelaprimero.org\/website\/maxima-mision-llega-a-los-altos-mirandinos\/"},"author":{"name":"gabydeco","@id":"https:\/\/venezuelaprimero.org\/website\/#\/schema\/person\/01d9e060719fbd2baca5f12e8d1c11d7"},"headline":"M\u00e1xima Misi\u00f3n llega a los Altos Mirandinos","datePublished":"2022-12-29T01:29:01+00:00","dateModified":"2022-12-29T02:53:05+00:00","mainEntityOfPage":{"@id":"https:\/\/venezuelaprimero.org\/website\/maxima-mision-llega-a-los-altos-mirandinos\/"},"wordCount":9,"publisher":{"@id":"https:\/\/venezuelaprimero.org\/website\/#organization"},"image":{"@id":"https:\/\/venezuelaprimero.org\/website\/maxima-mision-llega-a-los-altos-mirandinos\/#primaryimage"},"thumbnailUrl":"https:\/\/venezuelaprimero.org\/website\/wp-content\/uploads\/2022\/12\/maximamisionalt.jpeg","articleSection":["Noticias"],"inLanguage":"es"},{"@type":"WebPage","@id":"https:\/\/venezuelaprimero.org\/website\/maxima-mision-llega-a-los-altos-mirandinos\/","url":"https:\/\/venezuelaprimero.org\/website\/maxima-mision-llega-a-los-altos-mirandinos\/","name":"M\u00e1xima Misi\u00f3n llega a los Altos Mirandinos - Venezuela primero","isPartOf":{"@id":"https:\/\/venezuelaprimero.org\/website\/#website"},"primaryImageOfPage":{"@id":"https:\/\/venezuelaprimero.org\/website\/maxima-mision-llega-a-los-altos-mirandinos\/#primaryimage"},"image":{"@id":"https:\/\/venezuelaprimero.org\/website\/maxima-mision-llega-a-los-altos-mirandinos\/#primaryimage"},"thumbnailUrl":"https:\/\/venezuelaprimero.org\/website\/wp-content\/uploads\/2022\/12\/maximamisionalt.jpeg","datePublished":"2022-12-29T01:29:01+00:00","dateModified":"2022-12-29T02:53:05+00:00","breadcrumb":{"@id":"https:\/\/venezuelaprimero.org\/website\/maxima-mision-llega-a-los-altos-mirandinos\/#breadcrumb"},"inLanguage":"es","potentialAction":[{"@type":"ReadAction","target":["https:\/\/venezuelaprimero.org\/website\/maxima-mision-llega-a-los-altos-mirandinos\/"]}]},{"@type":"ImageObject","inLanguage":"es","@id":"https:\/\/venezuelaprimero.org\/website\/maxima-mision-llega-a-los-altos-mirandinos\/#primaryimage","url":"https:\/\/venezuelaprimero.org\/website\/wp-content\/uploads\/2022\/12\/maximamisionalt.jpeg","contentUrl":"https:\/\/venezuelaprimero.org\/website\/wp-content\/uploads\/2022\/12\/maximamisionalt.jpeg","width":1080,"height":621},{"@type":"BreadcrumbList","@id":"https:\/\/venezuelaprimero.org\/website\/maxima-mision-llega-a-los-altos-mirandinos\/#breadcrumb","itemListElement":[{"@type":"ListItem","position":1,"name":"Portada","item":"https:\/\/venezuelaprimero.org\/website\/"},{"@type":"ListItem","position":2,"name":"M\u00e1xima Misi\u00f3n llega a los Altos Mirandinos"}]},{"@type":"WebSite","@id":"https:\/\/venezuelaprimero.org\/website\/#website","url":"https:\/\/venezuelaprimero.org\/website\/","name":"Pagina web del distrito Venezuela Primero","description":"Iglesia del nazareno venezuela","publisher":{"@id":"https:\/\/venezuelaprimero.org\/website\/#organization"},"potentialAction":[{"@type":"SearchAction","target":{"@type":"EntryPoint","urlTemplate":"https:\/\/venezuelaprimero.org\/website\/?s={search_term_string}"},"query-input":{"@type":"PropertyValueSpecification","valueRequired":true,"valueName":"search_term_string"}}],"inLanguage":"es"},{"@type":"Organization","@id":"https:\/\/venezuelaprimero.org\/website\/#organization","name":"Pagina web del distrito Venezulea Primero- Iglesia del Nazareno","url":"https:\/\/venezuelaprimero.org\/website\/","logo":{"@type":"ImageObject","inLanguage":"es","@id":"https:\/\/venezuelaprimero.org\/website\/#\/schema\/logo\/image\/","url":"https:\/\/venezuelaprimero.org\/website\/wp-content\/uploads\/2021\/05\/logo-2.png","contentUrl":"https:\/\/venezuelaprimero.org\/website\/wp-content\/uploads\/2021\/05\/logo-2.png","width":1318,"height":383,"caption":"Pagina web del distrito Venezulea Primero- Iglesia del Nazareno"},"image":{"@id":"https:\/\/venezuelaprimero.org\/website\/#\/schema\/logo\/image\/"}},{"@type":"Person","@id":"https:\/\/venezuelaprimero.org\/website\/#\/schema\/person\/01d9e060719fbd2baca5f12e8d1c11d7","name":"gabydeco","image":{"@type":"ImageObject","inLanguage":"es","@id":"https:\/\/venezuelaprimero.org\/website\/#\/schema\/person\/image\/","url":"https:\/\/secure.gravatar.com\/avatar\/b47079897afbbd66d8511cb3f950b82b991a4323e18912d876131ffc7345f186?s=96&d=mm&r=g","contentUrl":"https:\/\/secure.gravatar.com\/avatar\/b47079897afbbd66d8511cb3f950b82b991a4323e18912d876131ffc7345f186?s=96&d=mm&r=g","caption":"gabydeco"}}]}},"_links":{"self":[{"href":"https:\/\/venezuelaprimero.org\/website\/wp-json\/wp\/v2\/posts\/35193","targetHints":{"allow":["GET"]}}],"collection":[{"href":"https:\/\/venezuelaprimero.org\/website\/wp-json\/wp\/v2\/posts"}],"about":[{"href":"https:\/\/venezuelaprimero.org\/website\/wp-json\/wp\/v2\/types\/post"}],"author":[{"embeddable":true,"href":"https:\/\/venezuelaprimero.org\/website\/wp-json\/wp\/v2\/users\/2"}],"replies":[{"embeddable":true,"href":"https:\/\/venezuelaprimero.org\/website\/wp-json\/wp\/v2\/comments?post=35193"}],"version-history":[{"count":1,"href":"https:\/\/venezuelaprimero.org\/website\/wp-json\/wp\/v2\/posts\/35193\/revisions"}],"predecessor-version":[{"id":35198,"href":"https:\/\/venezuelaprimero.org\/website\/wp-json\/wp\/v2\/posts\/35193\/revisions\/35198"}],"wp:featuredmedia":[{"embeddable":true,"href":"https:\/\/venezuelaprimero.org\/website\/wp-json\/wp\/v2\/media\/35209"}],"wp:attachment":[{"href":"https:\/\/venezuelaprimero.org\/website\/wp-json\/wp\/v2\/media?parent=35193"}],"wp:term":[{"taxonomy":"category","embeddable":true,"href":"https:\/\/venezuelaprimero.org\/website\/wp-json\/wp\/v2\/categories?post=35193"},{"taxonomy":"post_tag","embeddable":true,"href":"https:\/\/venezuelaprimero.org\/website\/wp-json\/wp\/v2\/tags?post=35193"}],"curies":[{"name":"wp","href":"https:\/\/api.w.org\/{rel}","templated":true}]}}