{"id":35393,"date":"2023-04-12T23:10:31","date_gmt":"2023-04-13T03:10:31","guid":{"rendered":"https:\/\/venezuelaprimero.org\/website\/?p=35393"},"modified":"2023-04-12T23:18:26","modified_gmt":"2023-04-13T03:18:26","slug":"la-iglesia-del-nazareno-monumental-celebra-su-35-aniversario-valencia-edo-carabobo","status":"publish","type":"post","link":"https:\/\/venezuelaprimero.org\/website\/la-iglesia-del-nazareno-monumental-celebra-su-35-aniversario-valencia-edo-carabobo\/","title":{"rendered":"La Iglesia del Nazareno \u201cMonumental\u201d celebra su 35\u00b0 aniversario (Valencia, Edo. Carabobo)"},"content":{"rendered":"","protected":false},"excerpt":{"rendered":"<p>El pasado domingo 12 de marzo se cumplieron 35 a\u00f1os desde la fundaci\u00f3n de la Iglesia del Nazareno \u201cMonumental\u201d en la ciudad de Valencia, estado Carabobo, realiz\u00e1ndose la conmemoraci\u00f3n de esta fecha el 19 de marzo de 2023, contando con la participaci\u00f3n de m\u00e1s de 30 asistentes.<\/p>\n","protected":false},"author":2,"featured_media":35397,"comment_status":"closed","ping_status":"closed","sticky":false,"template":"","format":"standard","meta":{"_acf_changed":false,"_et_pb_use_builder":"","_et_pb_old_content":"","_et_gb_content_width":"","footnotes":""},"categories":[4],"tags":[],"class_list":["post-35393","post","type-post","status-publish","format-standard","has-post-thumbnail","hentry","category-noticias"],"acf":[],"yoast_head":"<!-- This site is optimized with the Yoast SEO plugin v23.5 - https:\/\/yoast.com\/wordpress\/plugins\/seo\/ -->\n<title>La Iglesia del Nazareno \u201cMonumental\u201d celebra su 35\u00b0 aniversario (Valencia, Edo. Carabobo) - Venezuela primero<\/title>\n<meta name=\"robots\" content=\"index, follow, max-snippet:-1, max-image-preview:large, max-video-preview:-1\" \/>\n<link rel=\"canonical\" href=\"https:\/\/venezuelaprimero.org\/website\/la-iglesia-del-nazareno-monumental-celebra-su-35-aniversario-valencia-edo-carabobo\/\" \/>\n<meta property=\"og:locale\" content=\"es_ES\" \/>\n<meta property=\"og:type\" content=\"article\" \/>\n<meta property=\"og:title\" content=\"La Iglesia del Nazareno \u201cMonumental\u201d celebra su 35\u00b0 aniversario (Valencia, Edo. Carabobo) - Venezuela primero\" \/>\n<meta property=\"og:description\" content=\"El pasado domingo 12 de marzo se cumplieron 35 a\u00f1os desde la fundaci\u00f3n de la Iglesia del Nazareno \u201cMonumental\u201d en la ciudad de Valencia, estado Carabobo, realiz\u00e1ndose la conmemoraci\u00f3n de esta fecha el 19 de marzo de 2023, contando con la participaci\u00f3n de m\u00e1s de 30 asistentes.\" \/>\n<meta property=\"og:url\" content=\"https:\/\/venezuelaprimero.org\/website\/la-iglesia-del-nazareno-monumental-celebra-su-35-aniversario-valencia-edo-carabobo\/\" \/>\n<meta property=\"og:site_name\" content=\"Venezuela primero\" \/>\n<meta property=\"article:published_time\" content=\"2023-04-13T03:10:31+00:00\" \/>\n<meta property=\"article:modified_time\" content=\"2023-04-13T03:18:26+00:00\" \/>\n<meta property=\"og:image\" content=\"https:\/\/venezuelaprimero.org\/website\/wp-content\/uploads\/2023\/04\/35aniversario2.jpg\" \/>\n\t<meta property=\"og:image:width\" content=\"1077\" \/>\n\t<meta property=\"og:image:height\" content=\"519\" \/>\n\t<meta property=\"og:image:type\" content=\"image\/jpeg\" \/>\n<meta name=\"author\" content=\"gabydeco\" \/>\n<meta name=\"twitter:card\" content=\"summary_large_image\" \/>\n<meta name=\"twitter:label1\" content=\"Escrito por\" \/>\n\t<meta name=\"twitter:data1\" content=\"gabydeco\" \/>\n<script type=\"application\/ld+json\" class=\"yoast-schema-graph\">{\"@context\":\"https:\/\/schema.org\",\"@graph\":[{\"@type\":\"Article\",\"@id\":\"https:\/\/venezuelaprimero.org\/website\/la-iglesia-del-nazareno-monumental-celebra-su-35-aniversario-valencia-edo-carabobo\/#article\",\"isPartOf\":{\"@id\":\"https:\/\/venezuelaprimero.org\/website\/la-iglesia-del-nazareno-monumental-celebra-su-35-aniversario-valencia-edo-carabobo\/\"},\"author\":{\"name\":\"gabydeco\",\"@id\":\"https:\/\/venezuelaprimero.org\/website\/#\/schema\/person\/01d9e060719fbd2baca5f12e8d1c11d7\"},\"headline\":\"La Iglesia del Nazareno \u201cMonumental\u201d celebra su 35\u00b0 aniversario (Valencia, Edo. Carabobo)\",\"datePublished\":\"2023-04-13T03:10:31+00:00\",\"dateModified\":\"2023-04-13T03:18:26+00:00\",\"mainEntityOfPage\":{\"@id\":\"https:\/\/venezuelaprimero.org\/website\/la-iglesia-del-nazareno-monumental-celebra-su-35-aniversario-valencia-edo-carabobo\/\"},\"wordCount\":11,\"publisher\":{\"@id\":\"https:\/\/venezuelaprimero.org\/website\/#organization\"},\"image\":{\"@id\":\"https:\/\/venezuelaprimero.org\/website\/la-iglesia-del-nazareno-monumental-celebra-su-35-aniversario-valencia-edo-carabobo\/#primaryimage\"},\"thumbnailUrl\":\"https:\/\/venezuelaprimero.org\/website\/wp-content\/uploads\/2023\/04\/35aniversario2.jpg\",\"articleSection\":[\"Noticias\"],\"inLanguage\":\"es\"},{\"@type\":\"WebPage\",\"@id\":\"https:\/\/venezuelaprimero.org\/website\/la-iglesia-del-nazareno-monumental-celebra-su-35-aniversario-valencia-edo-carabobo\/\",\"url\":\"https:\/\/venezuelaprimero.org\/website\/la-iglesia-del-nazareno-monumental-celebra-su-35-aniversario-valencia-edo-carabobo\/\",\"name\":\"La Iglesia del Nazareno \u201cMonumental\u201d celebra su 35\u00b0 aniversario (Valencia, Edo. Carabobo) - Venezuela primero\",\"isPartOf\":{\"@id\":\"https:\/\/venezuelaprimero.org\/website\/#website\"},\"primaryImageOfPage\":{\"@id\":\"https:\/\/venezuelaprimero.org\/website\/la-iglesia-del-nazareno-monumental-celebra-su-35-aniversario-valencia-edo-carabobo\/#primaryimage\"},\"image\":{\"@id\":\"https:\/\/venezuelaprimero.org\/website\/la-iglesia-del-nazareno-monumental-celebra-su-35-aniversario-valencia-edo-carabobo\/#primaryimage\"},\"thumbnailUrl\":\"https:\/\/venezuelaprimero.org\/website\/wp-content\/uploads\/2023\/04\/35aniversario2.jpg\",\"datePublished\":\"2023-04-13T03:10:31+00:00\",\"dateModified\":\"2023-04-13T03:18:26+00:00\",\"breadcrumb\":{\"@id\":\"https:\/\/venezuelaprimero.org\/website\/la-iglesia-del-nazareno-monumental-celebra-su-35-aniversario-valencia-edo-carabobo\/#breadcrumb\"},\"inLanguage\":\"es\",\"potentialAction\":[{\"@type\":\"ReadAction\",\"target\":[\"https:\/\/venezuelaprimero.org\/website\/la-iglesia-del-nazareno-monumental-celebra-su-35-aniversario-valencia-edo-carabobo\/\"]}]},{\"@type\":\"ImageObject\",\"inLanguage\":\"es\",\"@id\":\"https:\/\/venezuelaprimero.org\/website\/la-iglesia-del-nazareno-monumental-celebra-su-35-aniversario-valencia-edo-carabobo\/#primaryimage\",\"url\":\"https:\/\/venezuelaprimero.org\/website\/wp-content\/uploads\/2023\/04\/35aniversario2.jpg\",\"contentUrl\":\"https:\/\/venezuelaprimero.org\/website\/wp-content\/uploads\/2023\/04\/35aniversario2.jpg\",\"width\":1077,\"height\":519},{\"@type\":\"BreadcrumbList\",\"@id\":\"https:\/\/venezuelaprimero.org\/website\/la-iglesia-del-nazareno-monumental-celebra-su-35-aniversario-valencia-edo-carabobo\/#breadcrumb\",\"itemListElement\":[{\"@type\":\"ListItem\",\"position\":1,\"name\":\"Portada\",\"item\":\"https:\/\/venezuelaprimero.org\/website\/\"},{\"@type\":\"ListItem\",\"position\":2,\"name\":\"La Iglesia del Nazareno \u201cMonumental\u201d celebra su 35\u00b0 aniversario (Valencia, Edo. Carabobo)\"}]},{\"@type\":\"WebSite\",\"@id\":\"https:\/\/venezuelaprimero.org\/website\/#website\",\"url\":\"https:\/\/venezuelaprimero.org\/website\/\",\"name\":\"Pagina web del distrito Venezuela Primero\",\"description\":\"Iglesia del nazareno venezuela\",\"publisher\":{\"@id\":\"https:\/\/venezuelaprimero.org\/website\/#organization\"},\"potentialAction\":[{\"@type\":\"SearchAction\",\"target\":{\"@type\":\"EntryPoint\",\"urlTemplate\":\"https:\/\/venezuelaprimero.org\/website\/?s={search_term_string}\"},\"query-input\":{\"@type\":\"PropertyValueSpecification\",\"valueRequired\":true,\"valueName\":\"search_term_string\"}}],\"inLanguage\":\"es\"},{\"@type\":\"Organization\",\"@id\":\"https:\/\/venezuelaprimero.org\/website\/#organization\",\"name\":\"Pagina web del distrito Venezulea Primero- Iglesia del Nazareno\",\"url\":\"https:\/\/venezuelaprimero.org\/website\/\",\"logo\":{\"@type\":\"ImageObject\",\"inLanguage\":\"es\",\"@id\":\"https:\/\/venezuelaprimero.org\/website\/#\/schema\/logo\/image\/\",\"url\":\"https:\/\/venezuelaprimero.org\/website\/wp-content\/uploads\/2021\/05\/logo-2.png\",\"contentUrl\":\"https:\/\/venezuelaprimero.org\/website\/wp-content\/uploads\/2021\/05\/logo-2.png\",\"width\":1318,\"height\":383,\"caption\":\"Pagina web del distrito Venezulea Primero- Iglesia del Nazareno\"},\"image\":{\"@id\":\"https:\/\/venezuelaprimero.org\/website\/#\/schema\/logo\/image\/\"}},{\"@type\":\"Person\",\"@id\":\"https:\/\/venezuelaprimero.org\/website\/#\/schema\/person\/01d9e060719fbd2baca5f12e8d1c11d7\",\"name\":\"gabydeco\",\"image\":{\"@type\":\"ImageObject\",\"inLanguage\":\"es\",\"@id\":\"https:\/\/venezuelaprimero.org\/website\/#\/schema\/person\/image\/\",\"url\":\"https:\/\/secure.gravatar.com\/avatar\/b47079897afbbd66d8511cb3f950b82b991a4323e18912d876131ffc7345f186?s=96&d=mm&r=g\",\"contentUrl\":\"https:\/\/secure.gravatar.com\/avatar\/b47079897afbbd66d8511cb3f950b82b991a4323e18912d876131ffc7345f186?s=96&d=mm&r=g\",\"caption\":\"gabydeco\"}}]}<\/script>\n<!-- \/ Yoast SEO plugin. -->","yoast_head_json":{"title":"La Iglesia del Nazareno \u201cMonumental\u201d celebra su 35\u00b0 aniversario (Valencia, Edo. Carabobo) - Venezuela primero","robots":{"index":"index","follow":"follow","max-snippet":"max-snippet:-1","max-image-preview":"max-image-preview:large","max-video-preview":"max-video-preview:-1"},"canonical":"https:\/\/venezuelaprimero.org\/website\/la-iglesia-del-nazareno-monumental-celebra-su-35-aniversario-valencia-edo-carabobo\/","og_locale":"es_ES","og_type":"article","og_title":"La Iglesia del Nazareno \u201cMonumental\u201d celebra su 35\u00b0 aniversario (Valencia, Edo. Carabobo) - Venezuela primero","og_description":"El pasado domingo 12 de marzo se cumplieron 35 a\u00f1os desde la fundaci\u00f3n de la Iglesia del Nazareno \u201cMonumental\u201d en la ciudad de Valencia, estado Carabobo, realiz\u00e1ndose la conmemoraci\u00f3n de esta fecha el 19 de marzo de 2023, contando con la participaci\u00f3n de m\u00e1s de 30 asistentes.","og_url":"https:\/\/venezuelaprimero.org\/website\/la-iglesia-del-nazareno-monumental-celebra-su-35-aniversario-valencia-edo-carabobo\/","og_site_name":"Venezuela primero","article_published_time":"2023-04-13T03:10:31+00:00","article_modified_time":"2023-04-13T03:18:26+00:00","og_image":[{"width":1077,"height":519,"url":"https:\/\/venezuelaprimero.org\/website\/wp-content\/uploads\/2023\/04\/35aniversario2.jpg","type":"image\/jpeg"}],"author":"gabydeco","twitter_card":"summary_large_image","twitter_misc":{"Escrito por":"gabydeco"},"schema":{"@context":"https:\/\/schema.org","@graph":[{"@type":"Article","@id":"https:\/\/venezuelaprimero.org\/website\/la-iglesia-del-nazareno-monumental-celebra-su-35-aniversario-valencia-edo-carabobo\/#article","isPartOf":{"@id":"https:\/\/venezuelaprimero.org\/website\/la-iglesia-del-nazareno-monumental-celebra-su-35-aniversario-valencia-edo-carabobo\/"},"author":{"name":"gabydeco","@id":"https:\/\/venezuelaprimero.org\/website\/#\/schema\/person\/01d9e060719fbd2baca5f12e8d1c11d7"},"headline":"La Iglesia del Nazareno \u201cMonumental\u201d celebra su 35\u00b0 aniversario (Valencia, Edo. Carabobo)","datePublished":"2023-04-13T03:10:31+00:00","dateModified":"2023-04-13T03:18:26+00:00","mainEntityOfPage":{"@id":"https:\/\/venezuelaprimero.org\/website\/la-iglesia-del-nazareno-monumental-celebra-su-35-aniversario-valencia-edo-carabobo\/"},"wordCount":11,"publisher":{"@id":"https:\/\/venezuelaprimero.org\/website\/#organization"},"image":{"@id":"https:\/\/venezuelaprimero.org\/website\/la-iglesia-del-nazareno-monumental-celebra-su-35-aniversario-valencia-edo-carabobo\/#primaryimage"},"thumbnailUrl":"https:\/\/venezuelaprimero.org\/website\/wp-content\/uploads\/2023\/04\/35aniversario2.jpg","articleSection":["Noticias"],"inLanguage":"es"},{"@type":"WebPage","@id":"https:\/\/venezuelaprimero.org\/website\/la-iglesia-del-nazareno-monumental-celebra-su-35-aniversario-valencia-edo-carabobo\/","url":"https:\/\/venezuelaprimero.org\/website\/la-iglesia-del-nazareno-monumental-celebra-su-35-aniversario-valencia-edo-carabobo\/","name":"La Iglesia del Nazareno \u201cMonumental\u201d celebra su 35\u00b0 aniversario (Valencia, Edo. Carabobo) - Venezuela primero","isPartOf":{"@id":"https:\/\/venezuelaprimero.org\/website\/#website"},"primaryImageOfPage":{"@id":"https:\/\/venezuelaprimero.org\/website\/la-iglesia-del-nazareno-monumental-celebra-su-35-aniversario-valencia-edo-carabobo\/#primaryimage"},"image":{"@id":"https:\/\/venezuelaprimero.org\/website\/la-iglesia-del-nazareno-monumental-celebra-su-35-aniversario-valencia-edo-carabobo\/#primaryimage"},"thumbnailUrl":"https:\/\/venezuelaprimero.org\/website\/wp-content\/uploads\/2023\/04\/35aniversario2.jpg","datePublished":"2023-04-13T03:10:31+00:00","dateModified":"2023-04-13T03:18:26+00:00","breadcrumb":{"@id":"https:\/\/venezuelaprimero.org\/website\/la-iglesia-del-nazareno-monumental-celebra-su-35-aniversario-valencia-edo-carabobo\/#breadcrumb"},"inLanguage":"es","potentialAction":[{"@type":"ReadAction","target":["https:\/\/venezuelaprimero.org\/website\/la-iglesia-del-nazareno-monumental-celebra-su-35-aniversario-valencia-edo-carabobo\/"]}]},{"@type":"ImageObject","inLanguage":"es","@id":"https:\/\/venezuelaprimero.org\/website\/la-iglesia-del-nazareno-monumental-celebra-su-35-aniversario-valencia-edo-carabobo\/#primaryimage","url":"https:\/\/venezuelaprimero.org\/website\/wp-content\/uploads\/2023\/04\/35aniversario2.jpg","contentUrl":"https:\/\/venezuelaprimero.org\/website\/wp-content\/uploads\/2023\/04\/35aniversario2.jpg","width":1077,"height":519},{"@type":"BreadcrumbList","@id":"https:\/\/venezuelaprimero.org\/website\/la-iglesia-del-nazareno-monumental-celebra-su-35-aniversario-valencia-edo-carabobo\/#breadcrumb","itemListElement":[{"@type":"ListItem","position":1,"name":"Portada","item":"https:\/\/venezuelaprimero.org\/website\/"},{"@type":"ListItem","position":2,"name":"La Iglesia del Nazareno \u201cMonumental\u201d celebra su 35\u00b0 aniversario (Valencia, Edo. Carabobo)"}]},{"@type":"WebSite","@id":"https:\/\/venezuelaprimero.org\/website\/#website","url":"https:\/\/venezuelaprimero.org\/website\/","name":"Pagina web del distrito Venezuela Primero","description":"Iglesia del nazareno venezuela","publisher":{"@id":"https:\/\/venezuelaprimero.org\/website\/#organization"},"potentialAction":[{"@type":"SearchAction","target":{"@type":"EntryPoint","urlTemplate":"https:\/\/venezuelaprimero.org\/website\/?s={search_term_string}"},"query-input":{"@type":"PropertyValueSpecification","valueRequired":true,"valueName":"search_term_string"}}],"inLanguage":"es"},{"@type":"Organization","@id":"https:\/\/venezuelaprimero.org\/website\/#organization","name":"Pagina web del distrito Venezulea Primero- Iglesia del Nazareno","url":"https:\/\/venezuelaprimero.org\/website\/","logo":{"@type":"ImageObject","inLanguage":"es","@id":"https:\/\/venezuelaprimero.org\/website\/#\/schema\/logo\/image\/","url":"https:\/\/venezuelaprimero.org\/website\/wp-content\/uploads\/2021\/05\/logo-2.png","contentUrl":"https:\/\/venezuelaprimero.org\/website\/wp-content\/uploads\/2021\/05\/logo-2.png","width":1318,"height":383,"caption":"Pagina web del distrito Venezulea Primero- Iglesia del Nazareno"},"image":{"@id":"https:\/\/venezuelaprimero.org\/website\/#\/schema\/logo\/image\/"}},{"@type":"Person","@id":"https:\/\/venezuelaprimero.org\/website\/#\/schema\/person\/01d9e060719fbd2baca5f12e8d1c11d7","name":"gabydeco","image":{"@type":"ImageObject","inLanguage":"es","@id":"https:\/\/venezuelaprimero.org\/website\/#\/schema\/person\/image\/","url":"https:\/\/secure.gravatar.com\/avatar\/b47079897afbbd66d8511cb3f950b82b991a4323e18912d876131ffc7345f186?s=96&d=mm&r=g","contentUrl":"https:\/\/secure.gravatar.com\/avatar\/b47079897afbbd66d8511cb3f950b82b991a4323e18912d876131ffc7345f186?s=96&d=mm&r=g","caption":"gabydeco"}}]}},"_links":{"self":[{"href":"https:\/\/venezuelaprimero.org\/website\/wp-json\/wp\/v2\/posts\/35393","targetHints":{"allow":["GET"]}}],"collection":[{"href":"https:\/\/venezuelaprimero.org\/website\/wp-json\/wp\/v2\/posts"}],"about":[{"href":"https:\/\/venezuelaprimero.org\/website\/wp-json\/wp\/v2\/types\/post"}],"author":[{"embeddable":true,"href":"https:\/\/venezuelaprimero.org\/website\/wp-json\/wp\/v2\/users\/2"}],"replies":[{"embeddable":true,"href":"https:\/\/venezuelaprimero.org\/website\/wp-json\/wp\/v2\/comments?post=35393"}],"version-history":[{"count":2,"href":"https:\/\/venezuelaprimero.org\/website\/wp-json\/wp\/v2\/posts\/35393\/revisions"}],"predecessor-version":[{"id":35399,"href":"https:\/\/venezuelaprimero.org\/website\/wp-json\/wp\/v2\/posts\/35393\/revisions\/35399"}],"wp:featuredmedia":[{"embeddable":true,"href":"https:\/\/venezuelaprimero.org\/website\/wp-json\/wp\/v2\/media\/35397"}],"wp:attachment":[{"href":"https:\/\/venezuelaprimero.org\/website\/wp-json\/wp\/v2\/media?parent=35393"}],"wp:term":[{"taxonomy":"category","embeddable":true,"href":"https:\/\/venezuelaprimero.org\/website\/wp-json\/wp\/v2\/categories?post=35393"},{"taxonomy":"post_tag","embeddable":true,"href":"https:\/\/venezuelaprimero.org\/website\/wp-json\/wp\/v2\/tags?post=35393"}],"curies":[{"name":"wp","href":"https:\/\/api.w.org\/{rel}","templated":true}]}}