{"id":35452,"date":"2023-05-09T16:02:52","date_gmt":"2023-05-09T20:02:52","guid":{"rendered":"https:\/\/venezuelaprimero.org\/website\/?p=35452"},"modified":"2023-05-09T16:02:52","modified_gmt":"2023-05-09T20:02:52","slug":"los-jovenes-del-distrito-primero-siguen-en-marcha-iglesia-tierra-de-gracia-celebra-su-4-rally-juvenil","status":"publish","type":"post","link":"https:\/\/venezuelaprimero.org\/website\/los-jovenes-del-distrito-primero-siguen-en-marcha-iglesia-tierra-de-gracia-celebra-su-4-rally-juvenil\/","title":{"rendered":"\u00a1Los j\u00f3venes del Distrito primero siguen en marcha! Iglesia Tierra de Gracia celebra su 4\u00b0 Rally Juvenil"},"content":{"rendered":"","protected":false},"excerpt":{"rendered":"<p>El pasado mi\u00e9rcoles 19 de Abril se llev\u00f3 a cabo en la Monta\u00f1a del Hotel Maracay, el 4to Rally 2023 de Generaci\u00f3n Revival contando con el apoyo del grupo de l\u00edderes de la Iglesia del Nazareno Tierra de Gracia, la participaci\u00f3n del grupo Nikao Band y de qui\u00e9n tambi\u00e9n llevo una palabra de parte de Dios, el Joven, Nixon Arteaga.<\/p>\n","protected":false},"author":2,"featured_media":35456,"comment_status":"closed","ping_status":"closed","sticky":false,"template":"","format":"standard","meta":{"_acf_changed":false,"_et_pb_use_builder":"","_et_pb_old_content":"","_et_gb_content_width":"","footnotes":""},"categories":[4],"tags":[],"class_list":["post-35452","post","type-post","status-publish","format-standard","has-post-thumbnail","hentry","category-noticias"],"acf":[],"yoast_head":"<!-- This site is optimized with the Yoast SEO plugin v23.5 - https:\/\/yoast.com\/wordpress\/plugins\/seo\/ -->\n<title>\u00a1Los j\u00f3venes del Distrito primero siguen en marcha! Iglesia Tierra de Gracia celebra su 4\u00b0 Rally Juvenil - Venezuela primero<\/title>\n<meta name=\"robots\" content=\"index, follow, max-snippet:-1, max-image-preview:large, max-video-preview:-1\" \/>\n<link rel=\"canonical\" href=\"https:\/\/venezuelaprimero.org\/website\/los-jovenes-del-distrito-primero-siguen-en-marcha-iglesia-tierra-de-gracia-celebra-su-4-rally-juvenil\/\" \/>\n<meta property=\"og:locale\" content=\"es_ES\" \/>\n<meta property=\"og:type\" content=\"article\" \/>\n<meta property=\"og:title\" content=\"\u00a1Los j\u00f3venes del Distrito primero siguen en marcha! Iglesia Tierra de Gracia celebra su 4\u00b0 Rally Juvenil - Venezuela primero\" \/>\n<meta property=\"og:description\" content=\"El pasado mi\u00e9rcoles 19 de Abril se llev\u00f3 a cabo en la Monta\u00f1a del Hotel Maracay, el 4to Rally 2023 de Generaci\u00f3n Revival contando con el apoyo del grupo de l\u00edderes de la Iglesia del Nazareno Tierra de Gracia, la participaci\u00f3n del grupo Nikao Band y de qui\u00e9n tambi\u00e9n llevo una palabra de parte de Dios, el Joven, Nixon Arteaga.\" \/>\n<meta property=\"og:url\" content=\"https:\/\/venezuelaprimero.org\/website\/los-jovenes-del-distrito-primero-siguen-en-marcha-iglesia-tierra-de-gracia-celebra-su-4-rally-juvenil\/\" \/>\n<meta property=\"og:site_name\" content=\"Venezuela primero\" \/>\n<meta property=\"article:published_time\" content=\"2023-05-09T20:02:52+00:00\" \/>\n<meta property=\"og:image\" content=\"https:\/\/venezuelaprimero.org\/website\/wp-content\/uploads\/2023\/05\/rallytdg1.jpg\" \/>\n\t<meta property=\"og:image:width\" content=\"933\" \/>\n\t<meta property=\"og:image:height\" content=\"849\" \/>\n\t<meta property=\"og:image:type\" content=\"image\/jpeg\" \/>\n<meta name=\"author\" content=\"gabydeco\" \/>\n<meta name=\"twitter:card\" content=\"summary_large_image\" \/>\n<meta name=\"twitter:label1\" content=\"Escrito por\" \/>\n\t<meta name=\"twitter:data1\" content=\"gabydeco\" \/>\n<script type=\"application\/ld+json\" class=\"yoast-schema-graph\">{\"@context\":\"https:\/\/schema.org\",\"@graph\":[{\"@type\":\"Article\",\"@id\":\"https:\/\/venezuelaprimero.org\/website\/los-jovenes-del-distrito-primero-siguen-en-marcha-iglesia-tierra-de-gracia-celebra-su-4-rally-juvenil\/#article\",\"isPartOf\":{\"@id\":\"https:\/\/venezuelaprimero.org\/website\/los-jovenes-del-distrito-primero-siguen-en-marcha-iglesia-tierra-de-gracia-celebra-su-4-rally-juvenil\/\"},\"author\":{\"name\":\"gabydeco\",\"@id\":\"https:\/\/venezuelaprimero.org\/website\/#\/schema\/person\/01d9e060719fbd2baca5f12e8d1c11d7\"},\"headline\":\"\u00a1Los j\u00f3venes del Distrito primero siguen en marcha! Iglesia Tierra de Gracia celebra su 4\u00b0 Rally Juvenil\",\"datePublished\":\"2023-05-09T20:02:52+00:00\",\"dateModified\":\"2023-05-09T20:02:52+00:00\",\"mainEntityOfPage\":{\"@id\":\"https:\/\/venezuelaprimero.org\/website\/los-jovenes-del-distrito-primero-siguen-en-marcha-iglesia-tierra-de-gracia-celebra-su-4-rally-juvenil\/\"},\"wordCount\":17,\"publisher\":{\"@id\":\"https:\/\/venezuelaprimero.org\/website\/#organization\"},\"image\":{\"@id\":\"https:\/\/venezuelaprimero.org\/website\/los-jovenes-del-distrito-primero-siguen-en-marcha-iglesia-tierra-de-gracia-celebra-su-4-rally-juvenil\/#primaryimage\"},\"thumbnailUrl\":\"https:\/\/venezuelaprimero.org\/website\/wp-content\/uploads\/2023\/05\/rallytdg1.jpg\",\"articleSection\":[\"Noticias\"],\"inLanguage\":\"es\"},{\"@type\":\"WebPage\",\"@id\":\"https:\/\/venezuelaprimero.org\/website\/los-jovenes-del-distrito-primero-siguen-en-marcha-iglesia-tierra-de-gracia-celebra-su-4-rally-juvenil\/\",\"url\":\"https:\/\/venezuelaprimero.org\/website\/los-jovenes-del-distrito-primero-siguen-en-marcha-iglesia-tierra-de-gracia-celebra-su-4-rally-juvenil\/\",\"name\":\"\u00a1Los j\u00f3venes del Distrito primero siguen en marcha! Iglesia Tierra de Gracia celebra su 4\u00b0 Rally Juvenil - Venezuela primero\",\"isPartOf\":{\"@id\":\"https:\/\/venezuelaprimero.org\/website\/#website\"},\"primaryImageOfPage\":{\"@id\":\"https:\/\/venezuelaprimero.org\/website\/los-jovenes-del-distrito-primero-siguen-en-marcha-iglesia-tierra-de-gracia-celebra-su-4-rally-juvenil\/#primaryimage\"},\"image\":{\"@id\":\"https:\/\/venezuelaprimero.org\/website\/los-jovenes-del-distrito-primero-siguen-en-marcha-iglesia-tierra-de-gracia-celebra-su-4-rally-juvenil\/#primaryimage\"},\"thumbnailUrl\":\"https:\/\/venezuelaprimero.org\/website\/wp-content\/uploads\/2023\/05\/rallytdg1.jpg\",\"datePublished\":\"2023-05-09T20:02:52+00:00\",\"dateModified\":\"2023-05-09T20:02:52+00:00\",\"breadcrumb\":{\"@id\":\"https:\/\/venezuelaprimero.org\/website\/los-jovenes-del-distrito-primero-siguen-en-marcha-iglesia-tierra-de-gracia-celebra-su-4-rally-juvenil\/#breadcrumb\"},\"inLanguage\":\"es\",\"potentialAction\":[{\"@type\":\"ReadAction\",\"target\":[\"https:\/\/venezuelaprimero.org\/website\/los-jovenes-del-distrito-primero-siguen-en-marcha-iglesia-tierra-de-gracia-celebra-su-4-rally-juvenil\/\"]}]},{\"@type\":\"ImageObject\",\"inLanguage\":\"es\",\"@id\":\"https:\/\/venezuelaprimero.org\/website\/los-jovenes-del-distrito-primero-siguen-en-marcha-iglesia-tierra-de-gracia-celebra-su-4-rally-juvenil\/#primaryimage\",\"url\":\"https:\/\/venezuelaprimero.org\/website\/wp-content\/uploads\/2023\/05\/rallytdg1.jpg\",\"contentUrl\":\"https:\/\/venezuelaprimero.org\/website\/wp-content\/uploads\/2023\/05\/rallytdg1.jpg\",\"width\":933,\"height\":849},{\"@type\":\"BreadcrumbList\",\"@id\":\"https:\/\/venezuelaprimero.org\/website\/los-jovenes-del-distrito-primero-siguen-en-marcha-iglesia-tierra-de-gracia-celebra-su-4-rally-juvenil\/#breadcrumb\",\"itemListElement\":[{\"@type\":\"ListItem\",\"position\":1,\"name\":\"Portada\",\"item\":\"https:\/\/venezuelaprimero.org\/website\/\"},{\"@type\":\"ListItem\",\"position\":2,\"name\":\"\u00a1Los j\u00f3venes del Distrito primero siguen en marcha! Iglesia Tierra de Gracia celebra su 4\u00b0 Rally Juvenil\"}]},{\"@type\":\"WebSite\",\"@id\":\"https:\/\/venezuelaprimero.org\/website\/#website\",\"url\":\"https:\/\/venezuelaprimero.org\/website\/\",\"name\":\"Pagina web del distrito Venezuela Primero\",\"description\":\"Iglesia del nazareno venezuela\",\"publisher\":{\"@id\":\"https:\/\/venezuelaprimero.org\/website\/#organization\"},\"potentialAction\":[{\"@type\":\"SearchAction\",\"target\":{\"@type\":\"EntryPoint\",\"urlTemplate\":\"https:\/\/venezuelaprimero.org\/website\/?s={search_term_string}\"},\"query-input\":{\"@type\":\"PropertyValueSpecification\",\"valueRequired\":true,\"valueName\":\"search_term_string\"}}],\"inLanguage\":\"es\"},{\"@type\":\"Organization\",\"@id\":\"https:\/\/venezuelaprimero.org\/website\/#organization\",\"name\":\"Pagina web del distrito Venezulea Primero- Iglesia del Nazareno\",\"url\":\"https:\/\/venezuelaprimero.org\/website\/\",\"logo\":{\"@type\":\"ImageObject\",\"inLanguage\":\"es\",\"@id\":\"https:\/\/venezuelaprimero.org\/website\/#\/schema\/logo\/image\/\",\"url\":\"https:\/\/venezuelaprimero.org\/website\/wp-content\/uploads\/2021\/05\/logo-2.png\",\"contentUrl\":\"https:\/\/venezuelaprimero.org\/website\/wp-content\/uploads\/2021\/05\/logo-2.png\",\"width\":1318,\"height\":383,\"caption\":\"Pagina web del distrito Venezulea Primero- Iglesia del Nazareno\"},\"image\":{\"@id\":\"https:\/\/venezuelaprimero.org\/website\/#\/schema\/logo\/image\/\"}},{\"@type\":\"Person\",\"@id\":\"https:\/\/venezuelaprimero.org\/website\/#\/schema\/person\/01d9e060719fbd2baca5f12e8d1c11d7\",\"name\":\"gabydeco\",\"image\":{\"@type\":\"ImageObject\",\"inLanguage\":\"es\",\"@id\":\"https:\/\/venezuelaprimero.org\/website\/#\/schema\/person\/image\/\",\"url\":\"https:\/\/secure.gravatar.com\/avatar\/b47079897afbbd66d8511cb3f950b82b991a4323e18912d876131ffc7345f186?s=96&d=mm&r=g\",\"contentUrl\":\"https:\/\/secure.gravatar.com\/avatar\/b47079897afbbd66d8511cb3f950b82b991a4323e18912d876131ffc7345f186?s=96&d=mm&r=g\",\"caption\":\"gabydeco\"}}]}<\/script>\n<!-- \/ Yoast SEO plugin. -->","yoast_head_json":{"title":"\u00a1Los j\u00f3venes del Distrito primero siguen en marcha! Iglesia Tierra de Gracia celebra su 4\u00b0 Rally Juvenil - Venezuela primero","robots":{"index":"index","follow":"follow","max-snippet":"max-snippet:-1","max-image-preview":"max-image-preview:large","max-video-preview":"max-video-preview:-1"},"canonical":"https:\/\/venezuelaprimero.org\/website\/los-jovenes-del-distrito-primero-siguen-en-marcha-iglesia-tierra-de-gracia-celebra-su-4-rally-juvenil\/","og_locale":"es_ES","og_type":"article","og_title":"\u00a1Los j\u00f3venes del Distrito primero siguen en marcha! Iglesia Tierra de Gracia celebra su 4\u00b0 Rally Juvenil - Venezuela primero","og_description":"El pasado mi\u00e9rcoles 19 de Abril se llev\u00f3 a cabo en la Monta\u00f1a del Hotel Maracay, el 4to Rally 2023 de Generaci\u00f3n Revival contando con el apoyo del grupo de l\u00edderes de la Iglesia del Nazareno Tierra de Gracia, la participaci\u00f3n del grupo Nikao Band y de qui\u00e9n tambi\u00e9n llevo una palabra de parte de Dios, el Joven, Nixon Arteaga.","og_url":"https:\/\/venezuelaprimero.org\/website\/los-jovenes-del-distrito-primero-siguen-en-marcha-iglesia-tierra-de-gracia-celebra-su-4-rally-juvenil\/","og_site_name":"Venezuela primero","article_published_time":"2023-05-09T20:02:52+00:00","og_image":[{"width":933,"height":849,"url":"https:\/\/venezuelaprimero.org\/website\/wp-content\/uploads\/2023\/05\/rallytdg1.jpg","type":"image\/jpeg"}],"author":"gabydeco","twitter_card":"summary_large_image","twitter_misc":{"Escrito por":"gabydeco"},"schema":{"@context":"https:\/\/schema.org","@graph":[{"@type":"Article","@id":"https:\/\/venezuelaprimero.org\/website\/los-jovenes-del-distrito-primero-siguen-en-marcha-iglesia-tierra-de-gracia-celebra-su-4-rally-juvenil\/#article","isPartOf":{"@id":"https:\/\/venezuelaprimero.org\/website\/los-jovenes-del-distrito-primero-siguen-en-marcha-iglesia-tierra-de-gracia-celebra-su-4-rally-juvenil\/"},"author":{"name":"gabydeco","@id":"https:\/\/venezuelaprimero.org\/website\/#\/schema\/person\/01d9e060719fbd2baca5f12e8d1c11d7"},"headline":"\u00a1Los j\u00f3venes del Distrito primero siguen en marcha! Iglesia Tierra de Gracia celebra su 4\u00b0 Rally Juvenil","datePublished":"2023-05-09T20:02:52+00:00","dateModified":"2023-05-09T20:02:52+00:00","mainEntityOfPage":{"@id":"https:\/\/venezuelaprimero.org\/website\/los-jovenes-del-distrito-primero-siguen-en-marcha-iglesia-tierra-de-gracia-celebra-su-4-rally-juvenil\/"},"wordCount":17,"publisher":{"@id":"https:\/\/venezuelaprimero.org\/website\/#organization"},"image":{"@id":"https:\/\/venezuelaprimero.org\/website\/los-jovenes-del-distrito-primero-siguen-en-marcha-iglesia-tierra-de-gracia-celebra-su-4-rally-juvenil\/#primaryimage"},"thumbnailUrl":"https:\/\/venezuelaprimero.org\/website\/wp-content\/uploads\/2023\/05\/rallytdg1.jpg","articleSection":["Noticias"],"inLanguage":"es"},{"@type":"WebPage","@id":"https:\/\/venezuelaprimero.org\/website\/los-jovenes-del-distrito-primero-siguen-en-marcha-iglesia-tierra-de-gracia-celebra-su-4-rally-juvenil\/","url":"https:\/\/venezuelaprimero.org\/website\/los-jovenes-del-distrito-primero-siguen-en-marcha-iglesia-tierra-de-gracia-celebra-su-4-rally-juvenil\/","name":"\u00a1Los j\u00f3venes del Distrito primero siguen en marcha! Iglesia Tierra de Gracia celebra su 4\u00b0 Rally Juvenil - Venezuela primero","isPartOf":{"@id":"https:\/\/venezuelaprimero.org\/website\/#website"},"primaryImageOfPage":{"@id":"https:\/\/venezuelaprimero.org\/website\/los-jovenes-del-distrito-primero-siguen-en-marcha-iglesia-tierra-de-gracia-celebra-su-4-rally-juvenil\/#primaryimage"},"image":{"@id":"https:\/\/venezuelaprimero.org\/website\/los-jovenes-del-distrito-primero-siguen-en-marcha-iglesia-tierra-de-gracia-celebra-su-4-rally-juvenil\/#primaryimage"},"thumbnailUrl":"https:\/\/venezuelaprimero.org\/website\/wp-content\/uploads\/2023\/05\/rallytdg1.jpg","datePublished":"2023-05-09T20:02:52+00:00","dateModified":"2023-05-09T20:02:52+00:00","breadcrumb":{"@id":"https:\/\/venezuelaprimero.org\/website\/los-jovenes-del-distrito-primero-siguen-en-marcha-iglesia-tierra-de-gracia-celebra-su-4-rally-juvenil\/#breadcrumb"},"inLanguage":"es","potentialAction":[{"@type":"ReadAction","target":["https:\/\/venezuelaprimero.org\/website\/los-jovenes-del-distrito-primero-siguen-en-marcha-iglesia-tierra-de-gracia-celebra-su-4-rally-juvenil\/"]}]},{"@type":"ImageObject","inLanguage":"es","@id":"https:\/\/venezuelaprimero.org\/website\/los-jovenes-del-distrito-primero-siguen-en-marcha-iglesia-tierra-de-gracia-celebra-su-4-rally-juvenil\/#primaryimage","url":"https:\/\/venezuelaprimero.org\/website\/wp-content\/uploads\/2023\/05\/rallytdg1.jpg","contentUrl":"https:\/\/venezuelaprimero.org\/website\/wp-content\/uploads\/2023\/05\/rallytdg1.jpg","width":933,"height":849},{"@type":"BreadcrumbList","@id":"https:\/\/venezuelaprimero.org\/website\/los-jovenes-del-distrito-primero-siguen-en-marcha-iglesia-tierra-de-gracia-celebra-su-4-rally-juvenil\/#breadcrumb","itemListElement":[{"@type":"ListItem","position":1,"name":"Portada","item":"https:\/\/venezuelaprimero.org\/website\/"},{"@type":"ListItem","position":2,"name":"\u00a1Los j\u00f3venes del Distrito primero siguen en marcha! Iglesia Tierra de Gracia celebra su 4\u00b0 Rally Juvenil"}]},{"@type":"WebSite","@id":"https:\/\/venezuelaprimero.org\/website\/#website","url":"https:\/\/venezuelaprimero.org\/website\/","name":"Pagina web del distrito Venezuela Primero","description":"Iglesia del nazareno venezuela","publisher":{"@id":"https:\/\/venezuelaprimero.org\/website\/#organization"},"potentialAction":[{"@type":"SearchAction","target":{"@type":"EntryPoint","urlTemplate":"https:\/\/venezuelaprimero.org\/website\/?s={search_term_string}"},"query-input":{"@type":"PropertyValueSpecification","valueRequired":true,"valueName":"search_term_string"}}],"inLanguage":"es"},{"@type":"Organization","@id":"https:\/\/venezuelaprimero.org\/website\/#organization","name":"Pagina web del distrito Venezulea Primero- Iglesia del Nazareno","url":"https:\/\/venezuelaprimero.org\/website\/","logo":{"@type":"ImageObject","inLanguage":"es","@id":"https:\/\/venezuelaprimero.org\/website\/#\/schema\/logo\/image\/","url":"https:\/\/venezuelaprimero.org\/website\/wp-content\/uploads\/2021\/05\/logo-2.png","contentUrl":"https:\/\/venezuelaprimero.org\/website\/wp-content\/uploads\/2021\/05\/logo-2.png","width":1318,"height":383,"caption":"Pagina web del distrito Venezulea Primero- Iglesia del Nazareno"},"image":{"@id":"https:\/\/venezuelaprimero.org\/website\/#\/schema\/logo\/image\/"}},{"@type":"Person","@id":"https:\/\/venezuelaprimero.org\/website\/#\/schema\/person\/01d9e060719fbd2baca5f12e8d1c11d7","name":"gabydeco","image":{"@type":"ImageObject","inLanguage":"es","@id":"https:\/\/venezuelaprimero.org\/website\/#\/schema\/person\/image\/","url":"https:\/\/secure.gravatar.com\/avatar\/b47079897afbbd66d8511cb3f950b82b991a4323e18912d876131ffc7345f186?s=96&d=mm&r=g","contentUrl":"https:\/\/secure.gravatar.com\/avatar\/b47079897afbbd66d8511cb3f950b82b991a4323e18912d876131ffc7345f186?s=96&d=mm&r=g","caption":"gabydeco"}}]}},"_links":{"self":[{"href":"https:\/\/venezuelaprimero.org\/website\/wp-json\/wp\/v2\/posts\/35452","targetHints":{"allow":["GET"]}}],"collection":[{"href":"https:\/\/venezuelaprimero.org\/website\/wp-json\/wp\/v2\/posts"}],"about":[{"href":"https:\/\/venezuelaprimero.org\/website\/wp-json\/wp\/v2\/types\/post"}],"author":[{"embeddable":true,"href":"https:\/\/venezuelaprimero.org\/website\/wp-json\/wp\/v2\/users\/2"}],"replies":[{"embeddable":true,"href":"https:\/\/venezuelaprimero.org\/website\/wp-json\/wp\/v2\/comments?post=35452"}],"version-history":[{"count":1,"href":"https:\/\/venezuelaprimero.org\/website\/wp-json\/wp\/v2\/posts\/35452\/revisions"}],"predecessor-version":[{"id":35457,"href":"https:\/\/venezuelaprimero.org\/website\/wp-json\/wp\/v2\/posts\/35452\/revisions\/35457"}],"wp:featuredmedia":[{"embeddable":true,"href":"https:\/\/venezuelaprimero.org\/website\/wp-json\/wp\/v2\/media\/35456"}],"wp:attachment":[{"href":"https:\/\/venezuelaprimero.org\/website\/wp-json\/wp\/v2\/media?parent=35452"}],"wp:term":[{"taxonomy":"category","embeddable":true,"href":"https:\/\/venezuelaprimero.org\/website\/wp-json\/wp\/v2\/categories?post=35452"},{"taxonomy":"post_tag","embeddable":true,"href":"https:\/\/venezuelaprimero.org\/website\/wp-json\/wp\/v2\/tags?post=35452"}],"curies":[{"name":"wp","href":"https:\/\/api.w.org\/{rel}","templated":true}]}}