{"id":35514,"date":"2023-06-28T10:42:07","date_gmt":"2023-06-28T14:42:07","guid":{"rendered":"https:\/\/venezuelaprimero.org\/website\/?p=35514"},"modified":"2023-06-28T10:42:07","modified_gmt":"2023-06-28T14:42:07","slug":"encuentro-cara-a-cara-con-dios-en-la-iglesia-tierra-de-gracia","status":"publish","type":"post","link":"https:\/\/venezuelaprimero.org\/website\/encuentro-cara-a-cara-con-dios-en-la-iglesia-tierra-de-gracia\/","title":{"rendered":"ENCUENTRO CARA A CARA CON DIOS EN LA IGLESIA TIERRA DE GRACIA"},"content":{"rendered":"","protected":false},"excerpt":{"rendered":"<p>El pasado s\u00e1bado 10 de junio del presente a\u00f1o, se llev\u00f3 a cabo el encuentro Cara a Cara con Dios: &#8220;Ardiendo en el Esp\u00edritu&#8221;, d\u00f3nde los encuentristas vivieron momentos de gozo en la presencia de Dios, cada palabra de parte de Dios compartida en este d\u00eda tan especial fue de bendici\u00f3n para cada persona que decidi\u00f3 venir a vivir est\u00e1 experiencia grata; fue un d\u00eda lleno de sorpresas.<\/p>\n","protected":false},"author":2,"featured_media":35518,"comment_status":"closed","ping_status":"closed","sticky":false,"template":"","format":"standard","meta":{"_acf_changed":false,"_et_pb_use_builder":"","_et_pb_old_content":"","_et_gb_content_width":"","footnotes":""},"categories":[4,1],"tags":[],"class_list":["post-35514","post","type-post","status-publish","format-standard","has-post-thumbnail","hentry","category-noticias","category-uncategorized"],"acf":[],"yoast_head":"<!-- This site is optimized with the Yoast SEO plugin v23.5 - https:\/\/yoast.com\/wordpress\/plugins\/seo\/ -->\n<title>ENCUENTRO CARA A CARA CON DIOS EN LA IGLESIA TIERRA DE GRACIA - Venezuela primero<\/title>\n<meta name=\"robots\" content=\"index, follow, max-snippet:-1, max-image-preview:large, max-video-preview:-1\" \/>\n<link rel=\"canonical\" href=\"https:\/\/venezuelaprimero.org\/website\/encuentro-cara-a-cara-con-dios-en-la-iglesia-tierra-de-gracia\/\" \/>\n<meta property=\"og:locale\" content=\"es_ES\" \/>\n<meta property=\"og:type\" content=\"article\" \/>\n<meta property=\"og:title\" content=\"ENCUENTRO CARA A CARA CON DIOS EN LA IGLESIA TIERRA DE GRACIA - Venezuela primero\" \/>\n<meta property=\"og:description\" content=\"El pasado s\u00e1bado 10 de junio del presente a\u00f1o, se llev\u00f3 a cabo el encuentro Cara a Cara con Dios: &quot;Ardiendo en el Esp\u00edritu&quot;, d\u00f3nde los encuentristas vivieron momentos de gozo en la presencia de Dios, cada palabra de parte de Dios compartida en este d\u00eda tan especial fue de bendici\u00f3n para cada persona que decidi\u00f3 venir a vivir est\u00e1 experiencia grata; fue un d\u00eda lleno de sorpresas.\" \/>\n<meta property=\"og:url\" content=\"https:\/\/venezuelaprimero.org\/website\/encuentro-cara-a-cara-con-dios-en-la-iglesia-tierra-de-gracia\/\" \/>\n<meta property=\"og:site_name\" content=\"Venezuela primero\" \/>\n<meta property=\"article:published_time\" content=\"2023-06-28T14:42:07+00:00\" \/>\n<meta property=\"og:image\" content=\"https:\/\/venezuelaprimero.org\/website\/wp-content\/uploads\/2023\/06\/CARACARATDG4.jpg\" \/>\n\t<meta property=\"og:image:width\" content=\"753\" \/>\n\t<meta property=\"og:image:height\" content=\"659\" \/>\n\t<meta property=\"og:image:type\" content=\"image\/jpeg\" \/>\n<meta name=\"author\" content=\"gabydeco\" \/>\n<meta name=\"twitter:card\" content=\"summary_large_image\" \/>\n<meta name=\"twitter:label1\" content=\"Escrito por\" \/>\n\t<meta name=\"twitter:data1\" content=\"gabydeco\" \/>\n<script type=\"application\/ld+json\" class=\"yoast-schema-graph\">{\"@context\":\"https:\/\/schema.org\",\"@graph\":[{\"@type\":\"Article\",\"@id\":\"https:\/\/venezuelaprimero.org\/website\/encuentro-cara-a-cara-con-dios-en-la-iglesia-tierra-de-gracia\/#article\",\"isPartOf\":{\"@id\":\"https:\/\/venezuelaprimero.org\/website\/encuentro-cara-a-cara-con-dios-en-la-iglesia-tierra-de-gracia\/\"},\"author\":{\"name\":\"gabydeco\",\"@id\":\"https:\/\/venezuelaprimero.org\/website\/#\/schema\/person\/01d9e060719fbd2baca5f12e8d1c11d7\"},\"headline\":\"ENCUENTRO CARA A CARA CON DIOS EN LA IGLESIA TIERRA DE GRACIA\",\"datePublished\":\"2023-06-28T14:42:07+00:00\",\"dateModified\":\"2023-06-28T14:42:07+00:00\",\"mainEntityOfPage\":{\"@id\":\"https:\/\/venezuelaprimero.org\/website\/encuentro-cara-a-cara-con-dios-en-la-iglesia-tierra-de-gracia\/\"},\"wordCount\":12,\"publisher\":{\"@id\":\"https:\/\/venezuelaprimero.org\/website\/#organization\"},\"image\":{\"@id\":\"https:\/\/venezuelaprimero.org\/website\/encuentro-cara-a-cara-con-dios-en-la-iglesia-tierra-de-gracia\/#primaryimage\"},\"thumbnailUrl\":\"https:\/\/venezuelaprimero.org\/website\/wp-content\/uploads\/2023\/06\/CARACARATDG4.jpg\",\"articleSection\":[\"Noticias\",\"Uncategorized\"],\"inLanguage\":\"es\"},{\"@type\":\"WebPage\",\"@id\":\"https:\/\/venezuelaprimero.org\/website\/encuentro-cara-a-cara-con-dios-en-la-iglesia-tierra-de-gracia\/\",\"url\":\"https:\/\/venezuelaprimero.org\/website\/encuentro-cara-a-cara-con-dios-en-la-iglesia-tierra-de-gracia\/\",\"name\":\"ENCUENTRO CARA A CARA CON DIOS EN LA IGLESIA TIERRA DE GRACIA - Venezuela primero\",\"isPartOf\":{\"@id\":\"https:\/\/venezuelaprimero.org\/website\/#website\"},\"primaryImageOfPage\":{\"@id\":\"https:\/\/venezuelaprimero.org\/website\/encuentro-cara-a-cara-con-dios-en-la-iglesia-tierra-de-gracia\/#primaryimage\"},\"image\":{\"@id\":\"https:\/\/venezuelaprimero.org\/website\/encuentro-cara-a-cara-con-dios-en-la-iglesia-tierra-de-gracia\/#primaryimage\"},\"thumbnailUrl\":\"https:\/\/venezuelaprimero.org\/website\/wp-content\/uploads\/2023\/06\/CARACARATDG4.jpg\",\"datePublished\":\"2023-06-28T14:42:07+00:00\",\"dateModified\":\"2023-06-28T14:42:07+00:00\",\"breadcrumb\":{\"@id\":\"https:\/\/venezuelaprimero.org\/website\/encuentro-cara-a-cara-con-dios-en-la-iglesia-tierra-de-gracia\/#breadcrumb\"},\"inLanguage\":\"es\",\"potentialAction\":[{\"@type\":\"ReadAction\",\"target\":[\"https:\/\/venezuelaprimero.org\/website\/encuentro-cara-a-cara-con-dios-en-la-iglesia-tierra-de-gracia\/\"]}]},{\"@type\":\"ImageObject\",\"inLanguage\":\"es\",\"@id\":\"https:\/\/venezuelaprimero.org\/website\/encuentro-cara-a-cara-con-dios-en-la-iglesia-tierra-de-gracia\/#primaryimage\",\"url\":\"https:\/\/venezuelaprimero.org\/website\/wp-content\/uploads\/2023\/06\/CARACARATDG4.jpg\",\"contentUrl\":\"https:\/\/venezuelaprimero.org\/website\/wp-content\/uploads\/2023\/06\/CARACARATDG4.jpg\",\"width\":753,\"height\":659},{\"@type\":\"BreadcrumbList\",\"@id\":\"https:\/\/venezuelaprimero.org\/website\/encuentro-cara-a-cara-con-dios-en-la-iglesia-tierra-de-gracia\/#breadcrumb\",\"itemListElement\":[{\"@type\":\"ListItem\",\"position\":1,\"name\":\"Portada\",\"item\":\"https:\/\/venezuelaprimero.org\/website\/\"},{\"@type\":\"ListItem\",\"position\":2,\"name\":\"ENCUENTRO CARA A CARA CON DIOS EN LA IGLESIA TIERRA DE GRACIA\"}]},{\"@type\":\"WebSite\",\"@id\":\"https:\/\/venezuelaprimero.org\/website\/#website\",\"url\":\"https:\/\/venezuelaprimero.org\/website\/\",\"name\":\"Pagina web del distrito Venezuela Primero\",\"description\":\"Iglesia del nazareno venezuela\",\"publisher\":{\"@id\":\"https:\/\/venezuelaprimero.org\/website\/#organization\"},\"potentialAction\":[{\"@type\":\"SearchAction\",\"target\":{\"@type\":\"EntryPoint\",\"urlTemplate\":\"https:\/\/venezuelaprimero.org\/website\/?s={search_term_string}\"},\"query-input\":{\"@type\":\"PropertyValueSpecification\",\"valueRequired\":true,\"valueName\":\"search_term_string\"}}],\"inLanguage\":\"es\"},{\"@type\":\"Organization\",\"@id\":\"https:\/\/venezuelaprimero.org\/website\/#organization\",\"name\":\"Pagina web del distrito Venezulea Primero- Iglesia del Nazareno\",\"url\":\"https:\/\/venezuelaprimero.org\/website\/\",\"logo\":{\"@type\":\"ImageObject\",\"inLanguage\":\"es\",\"@id\":\"https:\/\/venezuelaprimero.org\/website\/#\/schema\/logo\/image\/\",\"url\":\"https:\/\/venezuelaprimero.org\/website\/wp-content\/uploads\/2021\/05\/logo-2.png\",\"contentUrl\":\"https:\/\/venezuelaprimero.org\/website\/wp-content\/uploads\/2021\/05\/logo-2.png\",\"width\":1318,\"height\":383,\"caption\":\"Pagina web del distrito Venezulea Primero- Iglesia del Nazareno\"},\"image\":{\"@id\":\"https:\/\/venezuelaprimero.org\/website\/#\/schema\/logo\/image\/\"}},{\"@type\":\"Person\",\"@id\":\"https:\/\/venezuelaprimero.org\/website\/#\/schema\/person\/01d9e060719fbd2baca5f12e8d1c11d7\",\"name\":\"gabydeco\",\"image\":{\"@type\":\"ImageObject\",\"inLanguage\":\"es\",\"@id\":\"https:\/\/venezuelaprimero.org\/website\/#\/schema\/person\/image\/\",\"url\":\"https:\/\/secure.gravatar.com\/avatar\/b47079897afbbd66d8511cb3f950b82b991a4323e18912d876131ffc7345f186?s=96&d=mm&r=g\",\"contentUrl\":\"https:\/\/secure.gravatar.com\/avatar\/b47079897afbbd66d8511cb3f950b82b991a4323e18912d876131ffc7345f186?s=96&d=mm&r=g\",\"caption\":\"gabydeco\"}}]}<\/script>\n<!-- \/ Yoast SEO plugin. -->","yoast_head_json":{"title":"ENCUENTRO CARA A CARA CON DIOS EN LA IGLESIA TIERRA DE GRACIA - Venezuela primero","robots":{"index":"index","follow":"follow","max-snippet":"max-snippet:-1","max-image-preview":"max-image-preview:large","max-video-preview":"max-video-preview:-1"},"canonical":"https:\/\/venezuelaprimero.org\/website\/encuentro-cara-a-cara-con-dios-en-la-iglesia-tierra-de-gracia\/","og_locale":"es_ES","og_type":"article","og_title":"ENCUENTRO CARA A CARA CON DIOS EN LA IGLESIA TIERRA DE GRACIA - Venezuela primero","og_description":"El pasado s\u00e1bado 10 de junio del presente a\u00f1o, se llev\u00f3 a cabo el encuentro Cara a Cara con Dios: \"Ardiendo en el Esp\u00edritu\", d\u00f3nde los encuentristas vivieron momentos de gozo en la presencia de Dios, cada palabra de parte de Dios compartida en este d\u00eda tan especial fue de bendici\u00f3n para cada persona que decidi\u00f3 venir a vivir est\u00e1 experiencia grata; fue un d\u00eda lleno de sorpresas.","og_url":"https:\/\/venezuelaprimero.org\/website\/encuentro-cara-a-cara-con-dios-en-la-iglesia-tierra-de-gracia\/","og_site_name":"Venezuela primero","article_published_time":"2023-06-28T14:42:07+00:00","og_image":[{"width":753,"height":659,"url":"https:\/\/venezuelaprimero.org\/website\/wp-content\/uploads\/2023\/06\/CARACARATDG4.jpg","type":"image\/jpeg"}],"author":"gabydeco","twitter_card":"summary_large_image","twitter_misc":{"Escrito por":"gabydeco"},"schema":{"@context":"https:\/\/schema.org","@graph":[{"@type":"Article","@id":"https:\/\/venezuelaprimero.org\/website\/encuentro-cara-a-cara-con-dios-en-la-iglesia-tierra-de-gracia\/#article","isPartOf":{"@id":"https:\/\/venezuelaprimero.org\/website\/encuentro-cara-a-cara-con-dios-en-la-iglesia-tierra-de-gracia\/"},"author":{"name":"gabydeco","@id":"https:\/\/venezuelaprimero.org\/website\/#\/schema\/person\/01d9e060719fbd2baca5f12e8d1c11d7"},"headline":"ENCUENTRO CARA A CARA CON DIOS EN LA IGLESIA TIERRA DE GRACIA","datePublished":"2023-06-28T14:42:07+00:00","dateModified":"2023-06-28T14:42:07+00:00","mainEntityOfPage":{"@id":"https:\/\/venezuelaprimero.org\/website\/encuentro-cara-a-cara-con-dios-en-la-iglesia-tierra-de-gracia\/"},"wordCount":12,"publisher":{"@id":"https:\/\/venezuelaprimero.org\/website\/#organization"},"image":{"@id":"https:\/\/venezuelaprimero.org\/website\/encuentro-cara-a-cara-con-dios-en-la-iglesia-tierra-de-gracia\/#primaryimage"},"thumbnailUrl":"https:\/\/venezuelaprimero.org\/website\/wp-content\/uploads\/2023\/06\/CARACARATDG4.jpg","articleSection":["Noticias","Uncategorized"],"inLanguage":"es"},{"@type":"WebPage","@id":"https:\/\/venezuelaprimero.org\/website\/encuentro-cara-a-cara-con-dios-en-la-iglesia-tierra-de-gracia\/","url":"https:\/\/venezuelaprimero.org\/website\/encuentro-cara-a-cara-con-dios-en-la-iglesia-tierra-de-gracia\/","name":"ENCUENTRO CARA A CARA CON DIOS EN LA IGLESIA TIERRA DE GRACIA - Venezuela primero","isPartOf":{"@id":"https:\/\/venezuelaprimero.org\/website\/#website"},"primaryImageOfPage":{"@id":"https:\/\/venezuelaprimero.org\/website\/encuentro-cara-a-cara-con-dios-en-la-iglesia-tierra-de-gracia\/#primaryimage"},"image":{"@id":"https:\/\/venezuelaprimero.org\/website\/encuentro-cara-a-cara-con-dios-en-la-iglesia-tierra-de-gracia\/#primaryimage"},"thumbnailUrl":"https:\/\/venezuelaprimero.org\/website\/wp-content\/uploads\/2023\/06\/CARACARATDG4.jpg","datePublished":"2023-06-28T14:42:07+00:00","dateModified":"2023-06-28T14:42:07+00:00","breadcrumb":{"@id":"https:\/\/venezuelaprimero.org\/website\/encuentro-cara-a-cara-con-dios-en-la-iglesia-tierra-de-gracia\/#breadcrumb"},"inLanguage":"es","potentialAction":[{"@type":"ReadAction","target":["https:\/\/venezuelaprimero.org\/website\/encuentro-cara-a-cara-con-dios-en-la-iglesia-tierra-de-gracia\/"]}]},{"@type":"ImageObject","inLanguage":"es","@id":"https:\/\/venezuelaprimero.org\/website\/encuentro-cara-a-cara-con-dios-en-la-iglesia-tierra-de-gracia\/#primaryimage","url":"https:\/\/venezuelaprimero.org\/website\/wp-content\/uploads\/2023\/06\/CARACARATDG4.jpg","contentUrl":"https:\/\/venezuelaprimero.org\/website\/wp-content\/uploads\/2023\/06\/CARACARATDG4.jpg","width":753,"height":659},{"@type":"BreadcrumbList","@id":"https:\/\/venezuelaprimero.org\/website\/encuentro-cara-a-cara-con-dios-en-la-iglesia-tierra-de-gracia\/#breadcrumb","itemListElement":[{"@type":"ListItem","position":1,"name":"Portada","item":"https:\/\/venezuelaprimero.org\/website\/"},{"@type":"ListItem","position":2,"name":"ENCUENTRO CARA A CARA CON DIOS EN LA IGLESIA TIERRA DE GRACIA"}]},{"@type":"WebSite","@id":"https:\/\/venezuelaprimero.org\/website\/#website","url":"https:\/\/venezuelaprimero.org\/website\/","name":"Pagina web del distrito Venezuela Primero","description":"Iglesia del nazareno venezuela","publisher":{"@id":"https:\/\/venezuelaprimero.org\/website\/#organization"},"potentialAction":[{"@type":"SearchAction","target":{"@type":"EntryPoint","urlTemplate":"https:\/\/venezuelaprimero.org\/website\/?s={search_term_string}"},"query-input":{"@type":"PropertyValueSpecification","valueRequired":true,"valueName":"search_term_string"}}],"inLanguage":"es"},{"@type":"Organization","@id":"https:\/\/venezuelaprimero.org\/website\/#organization","name":"Pagina web del distrito Venezulea Primero- Iglesia del Nazareno","url":"https:\/\/venezuelaprimero.org\/website\/","logo":{"@type":"ImageObject","inLanguage":"es","@id":"https:\/\/venezuelaprimero.org\/website\/#\/schema\/logo\/image\/","url":"https:\/\/venezuelaprimero.org\/website\/wp-content\/uploads\/2021\/05\/logo-2.png","contentUrl":"https:\/\/venezuelaprimero.org\/website\/wp-content\/uploads\/2021\/05\/logo-2.png","width":1318,"height":383,"caption":"Pagina web del distrito Venezulea Primero- Iglesia del Nazareno"},"image":{"@id":"https:\/\/venezuelaprimero.org\/website\/#\/schema\/logo\/image\/"}},{"@type":"Person","@id":"https:\/\/venezuelaprimero.org\/website\/#\/schema\/person\/01d9e060719fbd2baca5f12e8d1c11d7","name":"gabydeco","image":{"@type":"ImageObject","inLanguage":"es","@id":"https:\/\/venezuelaprimero.org\/website\/#\/schema\/person\/image\/","url":"https:\/\/secure.gravatar.com\/avatar\/b47079897afbbd66d8511cb3f950b82b991a4323e18912d876131ffc7345f186?s=96&d=mm&r=g","contentUrl":"https:\/\/secure.gravatar.com\/avatar\/b47079897afbbd66d8511cb3f950b82b991a4323e18912d876131ffc7345f186?s=96&d=mm&r=g","caption":"gabydeco"}}]}},"_links":{"self":[{"href":"https:\/\/venezuelaprimero.org\/website\/wp-json\/wp\/v2\/posts\/35514","targetHints":{"allow":["GET"]}}],"collection":[{"href":"https:\/\/venezuelaprimero.org\/website\/wp-json\/wp\/v2\/posts"}],"about":[{"href":"https:\/\/venezuelaprimero.org\/website\/wp-json\/wp\/v2\/types\/post"}],"author":[{"embeddable":true,"href":"https:\/\/venezuelaprimero.org\/website\/wp-json\/wp\/v2\/users\/2"}],"replies":[{"embeddable":true,"href":"https:\/\/venezuelaprimero.org\/website\/wp-json\/wp\/v2\/comments?post=35514"}],"version-history":[{"count":2,"href":"https:\/\/venezuelaprimero.org\/website\/wp-json\/wp\/v2\/posts\/35514\/revisions"}],"predecessor-version":[{"id":35520,"href":"https:\/\/venezuelaprimero.org\/website\/wp-json\/wp\/v2\/posts\/35514\/revisions\/35520"}],"wp:featuredmedia":[{"embeddable":true,"href":"https:\/\/venezuelaprimero.org\/website\/wp-json\/wp\/v2\/media\/35518"}],"wp:attachment":[{"href":"https:\/\/venezuelaprimero.org\/website\/wp-json\/wp\/v2\/media?parent=35514"}],"wp:term":[{"taxonomy":"category","embeddable":true,"href":"https:\/\/venezuelaprimero.org\/website\/wp-json\/wp\/v2\/categories?post=35514"},{"taxonomy":"post_tag","embeddable":true,"href":"https:\/\/venezuelaprimero.org\/website\/wp-json\/wp\/v2\/tags?post=35514"}],"curies":[{"name":"wp","href":"https:\/\/api.w.org\/{rel}","templated":true}]}}