{"id":35559,"date":"2023-07-28T11:20:23","date_gmt":"2023-07-28T15:20:23","guid":{"rendered":"https:\/\/venezuelaprimero.org\/website\/?p=35559"},"modified":"2023-07-28T11:20:23","modified_gmt":"2023-07-28T15:20:23","slug":"jornada-de-compasion-en-la-comisaria-de-la-localidad-el-limon-por-la-iglesia-jesus-la-esperanza","status":"publish","type":"post","link":"https:\/\/venezuelaprimero.org\/website\/jornada-de-compasion-en-la-comisaria-de-la-localidad-el-limon-por-la-iglesia-jesus-la-esperanza\/","title":{"rendered":"JORNADA DE COMPASI\u00d3N EN LA COMISAR\u00cdA DE LA LOCALIDAD &#8220;EL LIM\u00d3N&#8221; POR LA IGLESIA JES\u00daS LA ESPERANZA"},"content":{"rendered":"","protected":false},"excerpt":{"rendered":"<p>El ministerio de compasi\u00f3n se moviliz\u00f3 hasta la comisar\u00eda de la Comunidad El Lim\u00f3n, este 26 de Julio del a\u00f1o en curso, con la finalidad de llevar el mensaje de salvaci\u00f3n a trav\u00e9s de una pel\u00edcula, la cu\u00e1l fue &#8220;La pasi\u00f3n de Cristo&#8221;, as\u00ed los reclusos y algunos polic\u00edas que estuvieron presentes pudieron observar todo lo que nuestro Se\u00f1or Jesucristo hizo y sufri\u00f3 por cada uno de ellos, pero no solo eso, tambi\u00e9n pudieron ver las consecuencias que trajo a la humanidad el haber muerto sin lo que se le pidi\u00f3: &#8220;Que cada uno me ame como yo lo am\u00e9&#8221;.<\/p>\n","protected":false},"author":2,"featured_media":35561,"comment_status":"closed","ping_status":"closed","sticky":false,"template":"","format":"standard","meta":{"_acf_changed":false,"_et_pb_use_builder":"","_et_pb_old_content":"","_et_gb_content_width":"","footnotes":""},"categories":[4],"tags":[],"class_list":["post-35559","post","type-post","status-publish","format-standard","has-post-thumbnail","hentry","category-noticias"],"acf":[],"yoast_head":"<!-- This site is optimized with the Yoast SEO plugin v23.5 - https:\/\/yoast.com\/wordpress\/plugins\/seo\/ -->\n<title>JORNADA DE COMPASI\u00d3N EN LA COMISAR\u00cdA DE LA LOCALIDAD &quot;EL LIM\u00d3N&quot; POR LA IGLESIA JES\u00daS LA ESPERANZA - Venezuela primero<\/title>\n<meta name=\"robots\" content=\"index, follow, max-snippet:-1, max-image-preview:large, max-video-preview:-1\" \/>\n<link rel=\"canonical\" href=\"https:\/\/venezuelaprimero.org\/website\/jornada-de-compasion-en-la-comisaria-de-la-localidad-el-limon-por-la-iglesia-jesus-la-esperanza\/\" \/>\n<meta property=\"og:locale\" content=\"es_ES\" \/>\n<meta property=\"og:type\" content=\"article\" \/>\n<meta property=\"og:title\" content=\"JORNADA DE COMPASI\u00d3N EN LA COMISAR\u00cdA DE LA LOCALIDAD &quot;EL LIM\u00d3N&quot; POR LA IGLESIA JES\u00daS LA ESPERANZA - Venezuela primero\" \/>\n<meta property=\"og:description\" content=\"El ministerio de compasi\u00f3n se moviliz\u00f3 hasta la comisar\u00eda de la Comunidad El Lim\u00f3n, este 26 de Julio del a\u00f1o en curso, con la finalidad de llevar el mensaje de salvaci\u00f3n a trav\u00e9s de una pel\u00edcula, la cu\u00e1l fue &quot;La pasi\u00f3n de Cristo&quot;, as\u00ed los reclusos y algunos polic\u00edas que estuvieron presentes pudieron observar todo lo que nuestro Se\u00f1or Jesucristo hizo y sufri\u00f3 por cada uno de ellos, pero no solo eso, tambi\u00e9n pudieron ver las consecuencias que trajo a la humanidad el haber muerto sin lo que se le pidi\u00f3: &quot;Que cada uno me ame como yo lo am\u00e9&quot;.\" \/>\n<meta property=\"og:url\" content=\"https:\/\/venezuelaprimero.org\/website\/jornada-de-compasion-en-la-comisaria-de-la-localidad-el-limon-por-la-iglesia-jesus-la-esperanza\/\" \/>\n<meta property=\"og:site_name\" content=\"Venezuela primero\" \/>\n<meta property=\"article:published_time\" content=\"2023-07-28T15:20:23+00:00\" \/>\n<meta property=\"og:image\" content=\"https:\/\/venezuelaprimero.org\/website\/wp-content\/uploads\/2023\/07\/comisaria2.jpg\" \/>\n\t<meta property=\"og:image:width\" content=\"964\" \/>\n\t<meta property=\"og:image:height\" content=\"661\" \/>\n\t<meta property=\"og:image:type\" content=\"image\/jpeg\" \/>\n<meta name=\"author\" content=\"gabydeco\" \/>\n<meta name=\"twitter:card\" content=\"summary_large_image\" \/>\n<meta name=\"twitter:label1\" content=\"Escrito por\" \/>\n\t<meta name=\"twitter:data1\" content=\"gabydeco\" \/>\n<script type=\"application\/ld+json\" class=\"yoast-schema-graph\">{\"@context\":\"https:\/\/schema.org\",\"@graph\":[{\"@type\":\"Article\",\"@id\":\"https:\/\/venezuelaprimero.org\/website\/jornada-de-compasion-en-la-comisaria-de-la-localidad-el-limon-por-la-iglesia-jesus-la-esperanza\/#article\",\"isPartOf\":{\"@id\":\"https:\/\/venezuelaprimero.org\/website\/jornada-de-compasion-en-la-comisaria-de-la-localidad-el-limon-por-la-iglesia-jesus-la-esperanza\/\"},\"author\":{\"name\":\"gabydeco\",\"@id\":\"https:\/\/venezuelaprimero.org\/website\/#\/schema\/person\/01d9e060719fbd2baca5f12e8d1c11d7\"},\"headline\":\"JORNADA DE COMPASI\u00d3N EN LA COMISAR\u00cdA DE LA LOCALIDAD &#8220;EL LIM\u00d3N&#8221; POR LA IGLESIA JES\u00daS LA ESPERANZA\",\"datePublished\":\"2023-07-28T15:20:23+00:00\",\"dateModified\":\"2023-07-28T15:20:23+00:00\",\"mainEntityOfPage\":{\"@id\":\"https:\/\/venezuelaprimero.org\/website\/jornada-de-compasion-en-la-comisaria-de-la-localidad-el-limon-por-la-iglesia-jesus-la-esperanza\/\"},\"wordCount\":21,\"publisher\":{\"@id\":\"https:\/\/venezuelaprimero.org\/website\/#organization\"},\"image\":{\"@id\":\"https:\/\/venezuelaprimero.org\/website\/jornada-de-compasion-en-la-comisaria-de-la-localidad-el-limon-por-la-iglesia-jesus-la-esperanza\/#primaryimage\"},\"thumbnailUrl\":\"https:\/\/venezuelaprimero.org\/website\/wp-content\/uploads\/2023\/07\/comisaria2.jpg\",\"articleSection\":[\"Noticias\"],\"inLanguage\":\"es\"},{\"@type\":\"WebPage\",\"@id\":\"https:\/\/venezuelaprimero.org\/website\/jornada-de-compasion-en-la-comisaria-de-la-localidad-el-limon-por-la-iglesia-jesus-la-esperanza\/\",\"url\":\"https:\/\/venezuelaprimero.org\/website\/jornada-de-compasion-en-la-comisaria-de-la-localidad-el-limon-por-la-iglesia-jesus-la-esperanza\/\",\"name\":\"JORNADA DE COMPASI\u00d3N EN LA COMISAR\u00cdA DE LA LOCALIDAD \\\"EL LIM\u00d3N\\\" POR LA IGLESIA JES\u00daS LA ESPERANZA - Venezuela primero\",\"isPartOf\":{\"@id\":\"https:\/\/venezuelaprimero.org\/website\/#website\"},\"primaryImageOfPage\":{\"@id\":\"https:\/\/venezuelaprimero.org\/website\/jornada-de-compasion-en-la-comisaria-de-la-localidad-el-limon-por-la-iglesia-jesus-la-esperanza\/#primaryimage\"},\"image\":{\"@id\":\"https:\/\/venezuelaprimero.org\/website\/jornada-de-compasion-en-la-comisaria-de-la-localidad-el-limon-por-la-iglesia-jesus-la-esperanza\/#primaryimage\"},\"thumbnailUrl\":\"https:\/\/venezuelaprimero.org\/website\/wp-content\/uploads\/2023\/07\/comisaria2.jpg\",\"datePublished\":\"2023-07-28T15:20:23+00:00\",\"dateModified\":\"2023-07-28T15:20:23+00:00\",\"breadcrumb\":{\"@id\":\"https:\/\/venezuelaprimero.org\/website\/jornada-de-compasion-en-la-comisaria-de-la-localidad-el-limon-por-la-iglesia-jesus-la-esperanza\/#breadcrumb\"},\"inLanguage\":\"es\",\"potentialAction\":[{\"@type\":\"ReadAction\",\"target\":[\"https:\/\/venezuelaprimero.org\/website\/jornada-de-compasion-en-la-comisaria-de-la-localidad-el-limon-por-la-iglesia-jesus-la-esperanza\/\"]}]},{\"@type\":\"ImageObject\",\"inLanguage\":\"es\",\"@id\":\"https:\/\/venezuelaprimero.org\/website\/jornada-de-compasion-en-la-comisaria-de-la-localidad-el-limon-por-la-iglesia-jesus-la-esperanza\/#primaryimage\",\"url\":\"https:\/\/venezuelaprimero.org\/website\/wp-content\/uploads\/2023\/07\/comisaria2.jpg\",\"contentUrl\":\"https:\/\/venezuelaprimero.org\/website\/wp-content\/uploads\/2023\/07\/comisaria2.jpg\",\"width\":964,\"height\":661},{\"@type\":\"BreadcrumbList\",\"@id\":\"https:\/\/venezuelaprimero.org\/website\/jornada-de-compasion-en-la-comisaria-de-la-localidad-el-limon-por-la-iglesia-jesus-la-esperanza\/#breadcrumb\",\"itemListElement\":[{\"@type\":\"ListItem\",\"position\":1,\"name\":\"Portada\",\"item\":\"https:\/\/venezuelaprimero.org\/website\/\"},{\"@type\":\"ListItem\",\"position\":2,\"name\":\"JORNADA DE COMPASI\u00d3N EN LA COMISAR\u00cdA DE LA LOCALIDAD &#8220;EL LIM\u00d3N&#8221; POR LA IGLESIA JES\u00daS LA ESPERANZA\"}]},{\"@type\":\"WebSite\",\"@id\":\"https:\/\/venezuelaprimero.org\/website\/#website\",\"url\":\"https:\/\/venezuelaprimero.org\/website\/\",\"name\":\"Pagina web del distrito Venezuela Primero\",\"description\":\"Iglesia del nazareno venezuela\",\"publisher\":{\"@id\":\"https:\/\/venezuelaprimero.org\/website\/#organization\"},\"potentialAction\":[{\"@type\":\"SearchAction\",\"target\":{\"@type\":\"EntryPoint\",\"urlTemplate\":\"https:\/\/venezuelaprimero.org\/website\/?s={search_term_string}\"},\"query-input\":{\"@type\":\"PropertyValueSpecification\",\"valueRequired\":true,\"valueName\":\"search_term_string\"}}],\"inLanguage\":\"es\"},{\"@type\":\"Organization\",\"@id\":\"https:\/\/venezuelaprimero.org\/website\/#organization\",\"name\":\"Pagina web del distrito Venezulea Primero- Iglesia del Nazareno\",\"url\":\"https:\/\/venezuelaprimero.org\/website\/\",\"logo\":{\"@type\":\"ImageObject\",\"inLanguage\":\"es\",\"@id\":\"https:\/\/venezuelaprimero.org\/website\/#\/schema\/logo\/image\/\",\"url\":\"https:\/\/venezuelaprimero.org\/website\/wp-content\/uploads\/2021\/05\/logo-2.png\",\"contentUrl\":\"https:\/\/venezuelaprimero.org\/website\/wp-content\/uploads\/2021\/05\/logo-2.png\",\"width\":1318,\"height\":383,\"caption\":\"Pagina web del distrito Venezulea Primero- Iglesia del Nazareno\"},\"image\":{\"@id\":\"https:\/\/venezuelaprimero.org\/website\/#\/schema\/logo\/image\/\"}},{\"@type\":\"Person\",\"@id\":\"https:\/\/venezuelaprimero.org\/website\/#\/schema\/person\/01d9e060719fbd2baca5f12e8d1c11d7\",\"name\":\"gabydeco\",\"image\":{\"@type\":\"ImageObject\",\"inLanguage\":\"es\",\"@id\":\"https:\/\/venezuelaprimero.org\/website\/#\/schema\/person\/image\/\",\"url\":\"https:\/\/secure.gravatar.com\/avatar\/b47079897afbbd66d8511cb3f950b82b991a4323e18912d876131ffc7345f186?s=96&d=mm&r=g\",\"contentUrl\":\"https:\/\/secure.gravatar.com\/avatar\/b47079897afbbd66d8511cb3f950b82b991a4323e18912d876131ffc7345f186?s=96&d=mm&r=g\",\"caption\":\"gabydeco\"}}]}<\/script>\n<!-- \/ Yoast SEO plugin. -->","yoast_head_json":{"title":"JORNADA DE COMPASI\u00d3N EN LA COMISAR\u00cdA DE LA LOCALIDAD \"EL LIM\u00d3N\" POR LA IGLESIA JES\u00daS LA ESPERANZA - Venezuela primero","robots":{"index":"index","follow":"follow","max-snippet":"max-snippet:-1","max-image-preview":"max-image-preview:large","max-video-preview":"max-video-preview:-1"},"canonical":"https:\/\/venezuelaprimero.org\/website\/jornada-de-compasion-en-la-comisaria-de-la-localidad-el-limon-por-la-iglesia-jesus-la-esperanza\/","og_locale":"es_ES","og_type":"article","og_title":"JORNADA DE COMPASI\u00d3N EN LA COMISAR\u00cdA DE LA LOCALIDAD \"EL LIM\u00d3N\" POR LA IGLESIA JES\u00daS LA ESPERANZA - Venezuela primero","og_description":"El ministerio de compasi\u00f3n se moviliz\u00f3 hasta la comisar\u00eda de la Comunidad El Lim\u00f3n, este 26 de Julio del a\u00f1o en curso, con la finalidad de llevar el mensaje de salvaci\u00f3n a trav\u00e9s de una pel\u00edcula, la cu\u00e1l fue \"La pasi\u00f3n de Cristo\", as\u00ed los reclusos y algunos polic\u00edas que estuvieron presentes pudieron observar todo lo que nuestro Se\u00f1or Jesucristo hizo y sufri\u00f3 por cada uno de ellos, pero no solo eso, tambi\u00e9n pudieron ver las consecuencias que trajo a la humanidad el haber muerto sin lo que se le pidi\u00f3: \"Que cada uno me ame como yo lo am\u00e9\".","og_url":"https:\/\/venezuelaprimero.org\/website\/jornada-de-compasion-en-la-comisaria-de-la-localidad-el-limon-por-la-iglesia-jesus-la-esperanza\/","og_site_name":"Venezuela primero","article_published_time":"2023-07-28T15:20:23+00:00","og_image":[{"width":964,"height":661,"url":"https:\/\/venezuelaprimero.org\/website\/wp-content\/uploads\/2023\/07\/comisaria2.jpg","type":"image\/jpeg"}],"author":"gabydeco","twitter_card":"summary_large_image","twitter_misc":{"Escrito por":"gabydeco"},"schema":{"@context":"https:\/\/schema.org","@graph":[{"@type":"Article","@id":"https:\/\/venezuelaprimero.org\/website\/jornada-de-compasion-en-la-comisaria-de-la-localidad-el-limon-por-la-iglesia-jesus-la-esperanza\/#article","isPartOf":{"@id":"https:\/\/venezuelaprimero.org\/website\/jornada-de-compasion-en-la-comisaria-de-la-localidad-el-limon-por-la-iglesia-jesus-la-esperanza\/"},"author":{"name":"gabydeco","@id":"https:\/\/venezuelaprimero.org\/website\/#\/schema\/person\/01d9e060719fbd2baca5f12e8d1c11d7"},"headline":"JORNADA DE COMPASI\u00d3N EN LA COMISAR\u00cdA DE LA LOCALIDAD &#8220;EL LIM\u00d3N&#8221; POR LA IGLESIA JES\u00daS LA ESPERANZA","datePublished":"2023-07-28T15:20:23+00:00","dateModified":"2023-07-28T15:20:23+00:00","mainEntityOfPage":{"@id":"https:\/\/venezuelaprimero.org\/website\/jornada-de-compasion-en-la-comisaria-de-la-localidad-el-limon-por-la-iglesia-jesus-la-esperanza\/"},"wordCount":21,"publisher":{"@id":"https:\/\/venezuelaprimero.org\/website\/#organization"},"image":{"@id":"https:\/\/venezuelaprimero.org\/website\/jornada-de-compasion-en-la-comisaria-de-la-localidad-el-limon-por-la-iglesia-jesus-la-esperanza\/#primaryimage"},"thumbnailUrl":"https:\/\/venezuelaprimero.org\/website\/wp-content\/uploads\/2023\/07\/comisaria2.jpg","articleSection":["Noticias"],"inLanguage":"es"},{"@type":"WebPage","@id":"https:\/\/venezuelaprimero.org\/website\/jornada-de-compasion-en-la-comisaria-de-la-localidad-el-limon-por-la-iglesia-jesus-la-esperanza\/","url":"https:\/\/venezuelaprimero.org\/website\/jornada-de-compasion-en-la-comisaria-de-la-localidad-el-limon-por-la-iglesia-jesus-la-esperanza\/","name":"JORNADA DE COMPASI\u00d3N EN LA COMISAR\u00cdA DE LA LOCALIDAD \"EL LIM\u00d3N\" POR LA IGLESIA JES\u00daS LA ESPERANZA - Venezuela primero","isPartOf":{"@id":"https:\/\/venezuelaprimero.org\/website\/#website"},"primaryImageOfPage":{"@id":"https:\/\/venezuelaprimero.org\/website\/jornada-de-compasion-en-la-comisaria-de-la-localidad-el-limon-por-la-iglesia-jesus-la-esperanza\/#primaryimage"},"image":{"@id":"https:\/\/venezuelaprimero.org\/website\/jornada-de-compasion-en-la-comisaria-de-la-localidad-el-limon-por-la-iglesia-jesus-la-esperanza\/#primaryimage"},"thumbnailUrl":"https:\/\/venezuelaprimero.org\/website\/wp-content\/uploads\/2023\/07\/comisaria2.jpg","datePublished":"2023-07-28T15:20:23+00:00","dateModified":"2023-07-28T15:20:23+00:00","breadcrumb":{"@id":"https:\/\/venezuelaprimero.org\/website\/jornada-de-compasion-en-la-comisaria-de-la-localidad-el-limon-por-la-iglesia-jesus-la-esperanza\/#breadcrumb"},"inLanguage":"es","potentialAction":[{"@type":"ReadAction","target":["https:\/\/venezuelaprimero.org\/website\/jornada-de-compasion-en-la-comisaria-de-la-localidad-el-limon-por-la-iglesia-jesus-la-esperanza\/"]}]},{"@type":"ImageObject","inLanguage":"es","@id":"https:\/\/venezuelaprimero.org\/website\/jornada-de-compasion-en-la-comisaria-de-la-localidad-el-limon-por-la-iglesia-jesus-la-esperanza\/#primaryimage","url":"https:\/\/venezuelaprimero.org\/website\/wp-content\/uploads\/2023\/07\/comisaria2.jpg","contentUrl":"https:\/\/venezuelaprimero.org\/website\/wp-content\/uploads\/2023\/07\/comisaria2.jpg","width":964,"height":661},{"@type":"BreadcrumbList","@id":"https:\/\/venezuelaprimero.org\/website\/jornada-de-compasion-en-la-comisaria-de-la-localidad-el-limon-por-la-iglesia-jesus-la-esperanza\/#breadcrumb","itemListElement":[{"@type":"ListItem","position":1,"name":"Portada","item":"https:\/\/venezuelaprimero.org\/website\/"},{"@type":"ListItem","position":2,"name":"JORNADA DE COMPASI\u00d3N EN LA COMISAR\u00cdA DE LA LOCALIDAD &#8220;EL LIM\u00d3N&#8221; POR LA IGLESIA JES\u00daS LA ESPERANZA"}]},{"@type":"WebSite","@id":"https:\/\/venezuelaprimero.org\/website\/#website","url":"https:\/\/venezuelaprimero.org\/website\/","name":"Pagina web del distrito Venezuela Primero","description":"Iglesia del nazareno venezuela","publisher":{"@id":"https:\/\/venezuelaprimero.org\/website\/#organization"},"potentialAction":[{"@type":"SearchAction","target":{"@type":"EntryPoint","urlTemplate":"https:\/\/venezuelaprimero.org\/website\/?s={search_term_string}"},"query-input":{"@type":"PropertyValueSpecification","valueRequired":true,"valueName":"search_term_string"}}],"inLanguage":"es"},{"@type":"Organization","@id":"https:\/\/venezuelaprimero.org\/website\/#organization","name":"Pagina web del distrito Venezulea Primero- Iglesia del Nazareno","url":"https:\/\/venezuelaprimero.org\/website\/","logo":{"@type":"ImageObject","inLanguage":"es","@id":"https:\/\/venezuelaprimero.org\/website\/#\/schema\/logo\/image\/","url":"https:\/\/venezuelaprimero.org\/website\/wp-content\/uploads\/2021\/05\/logo-2.png","contentUrl":"https:\/\/venezuelaprimero.org\/website\/wp-content\/uploads\/2021\/05\/logo-2.png","width":1318,"height":383,"caption":"Pagina web del distrito Venezulea Primero- Iglesia del Nazareno"},"image":{"@id":"https:\/\/venezuelaprimero.org\/website\/#\/schema\/logo\/image\/"}},{"@type":"Person","@id":"https:\/\/venezuelaprimero.org\/website\/#\/schema\/person\/01d9e060719fbd2baca5f12e8d1c11d7","name":"gabydeco","image":{"@type":"ImageObject","inLanguage":"es","@id":"https:\/\/venezuelaprimero.org\/website\/#\/schema\/person\/image\/","url":"https:\/\/secure.gravatar.com\/avatar\/b47079897afbbd66d8511cb3f950b82b991a4323e18912d876131ffc7345f186?s=96&d=mm&r=g","contentUrl":"https:\/\/secure.gravatar.com\/avatar\/b47079897afbbd66d8511cb3f950b82b991a4323e18912d876131ffc7345f186?s=96&d=mm&r=g","caption":"gabydeco"}}]}},"_links":{"self":[{"href":"https:\/\/venezuelaprimero.org\/website\/wp-json\/wp\/v2\/posts\/35559","targetHints":{"allow":["GET"]}}],"collection":[{"href":"https:\/\/venezuelaprimero.org\/website\/wp-json\/wp\/v2\/posts"}],"about":[{"href":"https:\/\/venezuelaprimero.org\/website\/wp-json\/wp\/v2\/types\/post"}],"author":[{"embeddable":true,"href":"https:\/\/venezuelaprimero.org\/website\/wp-json\/wp\/v2\/users\/2"}],"replies":[{"embeddable":true,"href":"https:\/\/venezuelaprimero.org\/website\/wp-json\/wp\/v2\/comments?post=35559"}],"version-history":[{"count":1,"href":"https:\/\/venezuelaprimero.org\/website\/wp-json\/wp\/v2\/posts\/35559\/revisions"}],"predecessor-version":[{"id":35564,"href":"https:\/\/venezuelaprimero.org\/website\/wp-json\/wp\/v2\/posts\/35559\/revisions\/35564"}],"wp:featuredmedia":[{"embeddable":true,"href":"https:\/\/venezuelaprimero.org\/website\/wp-json\/wp\/v2\/media\/35561"}],"wp:attachment":[{"href":"https:\/\/venezuelaprimero.org\/website\/wp-json\/wp\/v2\/media?parent=35559"}],"wp:term":[{"taxonomy":"category","embeddable":true,"href":"https:\/\/venezuelaprimero.org\/website\/wp-json\/wp\/v2\/categories?post=35559"},{"taxonomy":"post_tag","embeddable":true,"href":"https:\/\/venezuelaprimero.org\/website\/wp-json\/wp\/v2\/tags?post=35559"}],"curies":[{"name":"wp","href":"https:\/\/api.w.org\/{rel}","templated":true}]}}