{"id":35613,"date":"2023-08-30T21:33:20","date_gmt":"2023-08-31T01:33:20","guid":{"rendered":"https:\/\/venezuelaprimero.org\/website\/?p=35613"},"modified":"2023-08-30T21:33:20","modified_gmt":"2023-08-31T01:33:20","slug":"bajo-la-bendicion-de-dios-y-en-victoria-se-llevo-a-cabo-la-reunion-para-dar-a-conocer-el-ministerio-de-cuidado-y-asesoramiento-pastoral-en-el-distrito-caracas-dtto-capital","status":"publish","type":"post","link":"https:\/\/venezuelaprimero.org\/website\/bajo-la-bendicion-de-dios-y-en-victoria-se-llevo-a-cabo-la-reunion-para-dar-a-conocer-el-ministerio-de-cuidado-y-asesoramiento-pastoral-en-el-distrito-caracas-dtto-capital\/","title":{"rendered":"BAJO LA BENDICI\u00d3N DE DIOS Y EN VICTORIA, SE LLEV\u00d3 A CABO LA REUNI\u00d3N PARA DAR A CONOCER EL MINISTERIO DE CUIDADO Y ASESORAMIENTO PASTORAL EN EL DISTRITO (Caracas, Dtto. Capital)"},"content":{"rendered":"","protected":false},"excerpt":{"rendered":"<p>Siguiendo las directrices emanadas del Superintendente del Distrito Venezuela Primero Rev. Luis Monsalve, el s\u00e1bado 19 de agosto de 2023, en las instalaciones de la Iglesia del Nazareno de Artigas, se llev\u00f3 a cabo una jornada desde las 9:00am hasta las 2:00pm, donde, bajo la cobertura de Dios, se reunieron los Pastores de la Regi\u00f3n Capital, para recibir la informaci\u00f3n de la implementaci\u00f3n del nuevo Ministerio de la Iglesia Nazareno: Cuidado y Asesoramiento Pastoral.<\/p>\n","protected":false},"author":2,"featured_media":35615,"comment_status":"closed","ping_status":"closed","sticky":false,"template":"","format":"standard","meta":{"_acf_changed":false,"_et_pb_use_builder":"","_et_pb_old_content":"","_et_gb_content_width":"","footnotes":""},"categories":[4],"tags":[],"class_list":["post-35613","post","type-post","status-publish","format-standard","has-post-thumbnail","hentry","category-noticias"],"acf":[],"yoast_head":"<!-- This site is optimized with the Yoast SEO plugin v23.5 - https:\/\/yoast.com\/wordpress\/plugins\/seo\/ -->\n<title>BAJO LA BENDICI\u00d3N DE DIOS Y EN VICTORIA, SE LLEV\u00d3 A CABO LA REUNI\u00d3N PARA DAR A CONOCER EL MINISTERIO DE CUIDADO Y ASESORAMIENTO PASTORAL EN EL DISTRITO (Caracas, Dtto. Capital) - Venezuela primero<\/title>\n<meta name=\"robots\" content=\"index, follow, max-snippet:-1, max-image-preview:large, max-video-preview:-1\" \/>\n<link rel=\"canonical\" href=\"https:\/\/venezuelaprimero.org\/website\/bajo-la-bendicion-de-dios-y-en-victoria-se-llevo-a-cabo-la-reunion-para-dar-a-conocer-el-ministerio-de-cuidado-y-asesoramiento-pastoral-en-el-distrito-caracas-dtto-capital\/\" \/>\n<meta property=\"og:locale\" content=\"es_ES\" \/>\n<meta property=\"og:type\" content=\"article\" \/>\n<meta property=\"og:title\" content=\"BAJO LA BENDICI\u00d3N DE DIOS Y EN VICTORIA, SE LLEV\u00d3 A CABO LA REUNI\u00d3N PARA DAR A CONOCER EL MINISTERIO DE CUIDADO Y ASESORAMIENTO PASTORAL EN EL DISTRITO (Caracas, Dtto. Capital) - Venezuela primero\" \/>\n<meta property=\"og:description\" content=\"Siguiendo las directrices emanadas del Superintendente del Distrito Venezuela Primero Rev. Luis Monsalve, el s\u00e1bado 19 de agosto de 2023, en las instalaciones de la Iglesia del Nazareno de Artigas, se llev\u00f3 a cabo una jornada desde las 9:00am hasta las 2:00pm, donde, bajo la cobertura de Dios, se reunieron los Pastores de la Regi\u00f3n Capital, para recibir la informaci\u00f3n de la implementaci\u00f3n del nuevo Ministerio de la Iglesia Nazareno: Cuidado y Asesoramiento Pastoral.\" \/>\n<meta property=\"og:url\" content=\"https:\/\/venezuelaprimero.org\/website\/bajo-la-bendicion-de-dios-y-en-victoria-se-llevo-a-cabo-la-reunion-para-dar-a-conocer-el-ministerio-de-cuidado-y-asesoramiento-pastoral-en-el-distrito-caracas-dtto-capital\/\" \/>\n<meta property=\"og:site_name\" content=\"Venezuela primero\" \/>\n<meta property=\"article:published_time\" content=\"2023-08-31T01:33:20+00:00\" \/>\n<meta property=\"og:image\" content=\"https:\/\/venezuelaprimero.org\/website\/wp-content\/uploads\/2023\/08\/cuidadopastoral2.jpg\" \/>\n\t<meta property=\"og:image:width\" content=\"531\" \/>\n\t<meta property=\"og:image:height\" content=\"395\" \/>\n\t<meta property=\"og:image:type\" content=\"image\/jpeg\" \/>\n<meta name=\"author\" content=\"gabydeco\" \/>\n<meta name=\"twitter:card\" content=\"summary_large_image\" \/>\n<meta name=\"twitter:label1\" content=\"Escrito por\" \/>\n\t<meta name=\"twitter:data1\" content=\"gabydeco\" \/>\n<script type=\"application\/ld+json\" class=\"yoast-schema-graph\">{\"@context\":\"https:\/\/schema.org\",\"@graph\":[{\"@type\":\"Article\",\"@id\":\"https:\/\/venezuelaprimero.org\/website\/bajo-la-bendicion-de-dios-y-en-victoria-se-llevo-a-cabo-la-reunion-para-dar-a-conocer-el-ministerio-de-cuidado-y-asesoramiento-pastoral-en-el-distrito-caracas-dtto-capital\/#article\",\"isPartOf\":{\"@id\":\"https:\/\/venezuelaprimero.org\/website\/bajo-la-bendicion-de-dios-y-en-victoria-se-llevo-a-cabo-la-reunion-para-dar-a-conocer-el-ministerio-de-cuidado-y-asesoramiento-pastoral-en-el-distrito-caracas-dtto-capital\/\"},\"author\":{\"name\":\"gabydeco\",\"@id\":\"https:\/\/venezuelaprimero.org\/website\/#\/schema\/person\/01d9e060719fbd2baca5f12e8d1c11d7\"},\"headline\":\"BAJO LA BENDICI\u00d3N DE DIOS Y EN VICTORIA, SE LLEV\u00d3 A CABO LA REUNI\u00d3N PARA DAR A CONOCER EL MINISTERIO DE CUIDADO Y ASESORAMIENTO PASTORAL EN EL DISTRITO (Caracas, Dtto. Capital)\",\"datePublished\":\"2023-08-31T01:33:20+00:00\",\"dateModified\":\"2023-08-31T01:33:20+00:00\",\"mainEntityOfPage\":{\"@id\":\"https:\/\/venezuelaprimero.org\/website\/bajo-la-bendicion-de-dios-y-en-victoria-se-llevo-a-cabo-la-reunion-para-dar-a-conocer-el-ministerio-de-cuidado-y-asesoramiento-pastoral-en-el-distrito-caracas-dtto-capital\/\"},\"wordCount\":33,\"publisher\":{\"@id\":\"https:\/\/venezuelaprimero.org\/website\/#organization\"},\"image\":{\"@id\":\"https:\/\/venezuelaprimero.org\/website\/bajo-la-bendicion-de-dios-y-en-victoria-se-llevo-a-cabo-la-reunion-para-dar-a-conocer-el-ministerio-de-cuidado-y-asesoramiento-pastoral-en-el-distrito-caracas-dtto-capital\/#primaryimage\"},\"thumbnailUrl\":\"https:\/\/venezuelaprimero.org\/website\/wp-content\/uploads\/2023\/08\/cuidadopastoral2.jpg\",\"articleSection\":[\"Noticias\"],\"inLanguage\":\"es\"},{\"@type\":\"WebPage\",\"@id\":\"https:\/\/venezuelaprimero.org\/website\/bajo-la-bendicion-de-dios-y-en-victoria-se-llevo-a-cabo-la-reunion-para-dar-a-conocer-el-ministerio-de-cuidado-y-asesoramiento-pastoral-en-el-distrito-caracas-dtto-capital\/\",\"url\":\"https:\/\/venezuelaprimero.org\/website\/bajo-la-bendicion-de-dios-y-en-victoria-se-llevo-a-cabo-la-reunion-para-dar-a-conocer-el-ministerio-de-cuidado-y-asesoramiento-pastoral-en-el-distrito-caracas-dtto-capital\/\",\"name\":\"BAJO LA BENDICI\u00d3N DE DIOS Y EN VICTORIA, SE LLEV\u00d3 A CABO LA REUNI\u00d3N PARA DAR A CONOCER EL MINISTERIO DE CUIDADO Y ASESORAMIENTO PASTORAL EN EL DISTRITO (Caracas, Dtto. Capital) - Venezuela primero\",\"isPartOf\":{\"@id\":\"https:\/\/venezuelaprimero.org\/website\/#website\"},\"primaryImageOfPage\":{\"@id\":\"https:\/\/venezuelaprimero.org\/website\/bajo-la-bendicion-de-dios-y-en-victoria-se-llevo-a-cabo-la-reunion-para-dar-a-conocer-el-ministerio-de-cuidado-y-asesoramiento-pastoral-en-el-distrito-caracas-dtto-capital\/#primaryimage\"},\"image\":{\"@id\":\"https:\/\/venezuelaprimero.org\/website\/bajo-la-bendicion-de-dios-y-en-victoria-se-llevo-a-cabo-la-reunion-para-dar-a-conocer-el-ministerio-de-cuidado-y-asesoramiento-pastoral-en-el-distrito-caracas-dtto-capital\/#primaryimage\"},\"thumbnailUrl\":\"https:\/\/venezuelaprimero.org\/website\/wp-content\/uploads\/2023\/08\/cuidadopastoral2.jpg\",\"datePublished\":\"2023-08-31T01:33:20+00:00\",\"dateModified\":\"2023-08-31T01:33:20+00:00\",\"breadcrumb\":{\"@id\":\"https:\/\/venezuelaprimero.org\/website\/bajo-la-bendicion-de-dios-y-en-victoria-se-llevo-a-cabo-la-reunion-para-dar-a-conocer-el-ministerio-de-cuidado-y-asesoramiento-pastoral-en-el-distrito-caracas-dtto-capital\/#breadcrumb\"},\"inLanguage\":\"es\",\"potentialAction\":[{\"@type\":\"ReadAction\",\"target\":[\"https:\/\/venezuelaprimero.org\/website\/bajo-la-bendicion-de-dios-y-en-victoria-se-llevo-a-cabo-la-reunion-para-dar-a-conocer-el-ministerio-de-cuidado-y-asesoramiento-pastoral-en-el-distrito-caracas-dtto-capital\/\"]}]},{\"@type\":\"ImageObject\",\"inLanguage\":\"es\",\"@id\":\"https:\/\/venezuelaprimero.org\/website\/bajo-la-bendicion-de-dios-y-en-victoria-se-llevo-a-cabo-la-reunion-para-dar-a-conocer-el-ministerio-de-cuidado-y-asesoramiento-pastoral-en-el-distrito-caracas-dtto-capital\/#primaryimage\",\"url\":\"https:\/\/venezuelaprimero.org\/website\/wp-content\/uploads\/2023\/08\/cuidadopastoral2.jpg\",\"contentUrl\":\"https:\/\/venezuelaprimero.org\/website\/wp-content\/uploads\/2023\/08\/cuidadopastoral2.jpg\",\"width\":531,\"height\":395},{\"@type\":\"BreadcrumbList\",\"@id\":\"https:\/\/venezuelaprimero.org\/website\/bajo-la-bendicion-de-dios-y-en-victoria-se-llevo-a-cabo-la-reunion-para-dar-a-conocer-el-ministerio-de-cuidado-y-asesoramiento-pastoral-en-el-distrito-caracas-dtto-capital\/#breadcrumb\",\"itemListElement\":[{\"@type\":\"ListItem\",\"position\":1,\"name\":\"Portada\",\"item\":\"https:\/\/venezuelaprimero.org\/website\/\"},{\"@type\":\"ListItem\",\"position\":2,\"name\":\"BAJO LA BENDICI\u00d3N DE DIOS Y EN VICTORIA, SE LLEV\u00d3 A CABO LA REUNI\u00d3N PARA DAR A CONOCER EL MINISTERIO DE CUIDADO Y ASESORAMIENTO PASTORAL EN EL DISTRITO (Caracas, Dtto. Capital)\"}]},{\"@type\":\"WebSite\",\"@id\":\"https:\/\/venezuelaprimero.org\/website\/#website\",\"url\":\"https:\/\/venezuelaprimero.org\/website\/\",\"name\":\"Pagina web del distrito Venezuela Primero\",\"description\":\"Iglesia del nazareno venezuela\",\"publisher\":{\"@id\":\"https:\/\/venezuelaprimero.org\/website\/#organization\"},\"potentialAction\":[{\"@type\":\"SearchAction\",\"target\":{\"@type\":\"EntryPoint\",\"urlTemplate\":\"https:\/\/venezuelaprimero.org\/website\/?s={search_term_string}\"},\"query-input\":{\"@type\":\"PropertyValueSpecification\",\"valueRequired\":true,\"valueName\":\"search_term_string\"}}],\"inLanguage\":\"es\"},{\"@type\":\"Organization\",\"@id\":\"https:\/\/venezuelaprimero.org\/website\/#organization\",\"name\":\"Pagina web del distrito Venezulea Primero- Iglesia del Nazareno\",\"url\":\"https:\/\/venezuelaprimero.org\/website\/\",\"logo\":{\"@type\":\"ImageObject\",\"inLanguage\":\"es\",\"@id\":\"https:\/\/venezuelaprimero.org\/website\/#\/schema\/logo\/image\/\",\"url\":\"https:\/\/venezuelaprimero.org\/website\/wp-content\/uploads\/2021\/05\/logo-2.png\",\"contentUrl\":\"https:\/\/venezuelaprimero.org\/website\/wp-content\/uploads\/2021\/05\/logo-2.png\",\"width\":1318,\"height\":383,\"caption\":\"Pagina web del distrito Venezulea Primero- Iglesia del Nazareno\"},\"image\":{\"@id\":\"https:\/\/venezuelaprimero.org\/website\/#\/schema\/logo\/image\/\"}},{\"@type\":\"Person\",\"@id\":\"https:\/\/venezuelaprimero.org\/website\/#\/schema\/person\/01d9e060719fbd2baca5f12e8d1c11d7\",\"name\":\"gabydeco\",\"image\":{\"@type\":\"ImageObject\",\"inLanguage\":\"es\",\"@id\":\"https:\/\/venezuelaprimero.org\/website\/#\/schema\/person\/image\/\",\"url\":\"https:\/\/secure.gravatar.com\/avatar\/b47079897afbbd66d8511cb3f950b82b991a4323e18912d876131ffc7345f186?s=96&d=mm&r=g\",\"contentUrl\":\"https:\/\/secure.gravatar.com\/avatar\/b47079897afbbd66d8511cb3f950b82b991a4323e18912d876131ffc7345f186?s=96&d=mm&r=g\",\"caption\":\"gabydeco\"}}]}<\/script>\n<!-- \/ Yoast SEO plugin. -->","yoast_head_json":{"title":"BAJO LA BENDICI\u00d3N DE DIOS Y EN VICTORIA, SE LLEV\u00d3 A CABO LA REUNI\u00d3N PARA DAR A CONOCER EL MINISTERIO DE CUIDADO Y ASESORAMIENTO PASTORAL EN EL DISTRITO (Caracas, Dtto. Capital) - Venezuela primero","robots":{"index":"index","follow":"follow","max-snippet":"max-snippet:-1","max-image-preview":"max-image-preview:large","max-video-preview":"max-video-preview:-1"},"canonical":"https:\/\/venezuelaprimero.org\/website\/bajo-la-bendicion-de-dios-y-en-victoria-se-llevo-a-cabo-la-reunion-para-dar-a-conocer-el-ministerio-de-cuidado-y-asesoramiento-pastoral-en-el-distrito-caracas-dtto-capital\/","og_locale":"es_ES","og_type":"article","og_title":"BAJO LA BENDICI\u00d3N DE DIOS Y EN VICTORIA, SE LLEV\u00d3 A CABO LA REUNI\u00d3N PARA DAR A CONOCER EL MINISTERIO DE CUIDADO Y ASESORAMIENTO PASTORAL EN EL DISTRITO (Caracas, Dtto. Capital) - Venezuela primero","og_description":"Siguiendo las directrices emanadas del Superintendente del Distrito Venezuela Primero Rev. Luis Monsalve, el s\u00e1bado 19 de agosto de 2023, en las instalaciones de la Iglesia del Nazareno de Artigas, se llev\u00f3 a cabo una jornada desde las 9:00am hasta las 2:00pm, donde, bajo la cobertura de Dios, se reunieron los Pastores de la Regi\u00f3n Capital, para recibir la informaci\u00f3n de la implementaci\u00f3n del nuevo Ministerio de la Iglesia Nazareno: Cuidado y Asesoramiento Pastoral.","og_url":"https:\/\/venezuelaprimero.org\/website\/bajo-la-bendicion-de-dios-y-en-victoria-se-llevo-a-cabo-la-reunion-para-dar-a-conocer-el-ministerio-de-cuidado-y-asesoramiento-pastoral-en-el-distrito-caracas-dtto-capital\/","og_site_name":"Venezuela primero","article_published_time":"2023-08-31T01:33:20+00:00","og_image":[{"width":531,"height":395,"url":"https:\/\/venezuelaprimero.org\/website\/wp-content\/uploads\/2023\/08\/cuidadopastoral2.jpg","type":"image\/jpeg"}],"author":"gabydeco","twitter_card":"summary_large_image","twitter_misc":{"Escrito por":"gabydeco"},"schema":{"@context":"https:\/\/schema.org","@graph":[{"@type":"Article","@id":"https:\/\/venezuelaprimero.org\/website\/bajo-la-bendicion-de-dios-y-en-victoria-se-llevo-a-cabo-la-reunion-para-dar-a-conocer-el-ministerio-de-cuidado-y-asesoramiento-pastoral-en-el-distrito-caracas-dtto-capital\/#article","isPartOf":{"@id":"https:\/\/venezuelaprimero.org\/website\/bajo-la-bendicion-de-dios-y-en-victoria-se-llevo-a-cabo-la-reunion-para-dar-a-conocer-el-ministerio-de-cuidado-y-asesoramiento-pastoral-en-el-distrito-caracas-dtto-capital\/"},"author":{"name":"gabydeco","@id":"https:\/\/venezuelaprimero.org\/website\/#\/schema\/person\/01d9e060719fbd2baca5f12e8d1c11d7"},"headline":"BAJO LA BENDICI\u00d3N DE DIOS Y EN VICTORIA, SE LLEV\u00d3 A CABO LA REUNI\u00d3N PARA DAR A CONOCER EL MINISTERIO DE CUIDADO Y ASESORAMIENTO PASTORAL EN EL DISTRITO (Caracas, Dtto. Capital)","datePublished":"2023-08-31T01:33:20+00:00","dateModified":"2023-08-31T01:33:20+00:00","mainEntityOfPage":{"@id":"https:\/\/venezuelaprimero.org\/website\/bajo-la-bendicion-de-dios-y-en-victoria-se-llevo-a-cabo-la-reunion-para-dar-a-conocer-el-ministerio-de-cuidado-y-asesoramiento-pastoral-en-el-distrito-caracas-dtto-capital\/"},"wordCount":33,"publisher":{"@id":"https:\/\/venezuelaprimero.org\/website\/#organization"},"image":{"@id":"https:\/\/venezuelaprimero.org\/website\/bajo-la-bendicion-de-dios-y-en-victoria-se-llevo-a-cabo-la-reunion-para-dar-a-conocer-el-ministerio-de-cuidado-y-asesoramiento-pastoral-en-el-distrito-caracas-dtto-capital\/#primaryimage"},"thumbnailUrl":"https:\/\/venezuelaprimero.org\/website\/wp-content\/uploads\/2023\/08\/cuidadopastoral2.jpg","articleSection":["Noticias"],"inLanguage":"es"},{"@type":"WebPage","@id":"https:\/\/venezuelaprimero.org\/website\/bajo-la-bendicion-de-dios-y-en-victoria-se-llevo-a-cabo-la-reunion-para-dar-a-conocer-el-ministerio-de-cuidado-y-asesoramiento-pastoral-en-el-distrito-caracas-dtto-capital\/","url":"https:\/\/venezuelaprimero.org\/website\/bajo-la-bendicion-de-dios-y-en-victoria-se-llevo-a-cabo-la-reunion-para-dar-a-conocer-el-ministerio-de-cuidado-y-asesoramiento-pastoral-en-el-distrito-caracas-dtto-capital\/","name":"BAJO LA BENDICI\u00d3N DE DIOS Y EN VICTORIA, SE LLEV\u00d3 A CABO LA REUNI\u00d3N PARA DAR A CONOCER EL MINISTERIO DE CUIDADO Y ASESORAMIENTO PASTORAL EN EL DISTRITO (Caracas, Dtto. Capital) - Venezuela primero","isPartOf":{"@id":"https:\/\/venezuelaprimero.org\/website\/#website"},"primaryImageOfPage":{"@id":"https:\/\/venezuelaprimero.org\/website\/bajo-la-bendicion-de-dios-y-en-victoria-se-llevo-a-cabo-la-reunion-para-dar-a-conocer-el-ministerio-de-cuidado-y-asesoramiento-pastoral-en-el-distrito-caracas-dtto-capital\/#primaryimage"},"image":{"@id":"https:\/\/venezuelaprimero.org\/website\/bajo-la-bendicion-de-dios-y-en-victoria-se-llevo-a-cabo-la-reunion-para-dar-a-conocer-el-ministerio-de-cuidado-y-asesoramiento-pastoral-en-el-distrito-caracas-dtto-capital\/#primaryimage"},"thumbnailUrl":"https:\/\/venezuelaprimero.org\/website\/wp-content\/uploads\/2023\/08\/cuidadopastoral2.jpg","datePublished":"2023-08-31T01:33:20+00:00","dateModified":"2023-08-31T01:33:20+00:00","breadcrumb":{"@id":"https:\/\/venezuelaprimero.org\/website\/bajo-la-bendicion-de-dios-y-en-victoria-se-llevo-a-cabo-la-reunion-para-dar-a-conocer-el-ministerio-de-cuidado-y-asesoramiento-pastoral-en-el-distrito-caracas-dtto-capital\/#breadcrumb"},"inLanguage":"es","potentialAction":[{"@type":"ReadAction","target":["https:\/\/venezuelaprimero.org\/website\/bajo-la-bendicion-de-dios-y-en-victoria-se-llevo-a-cabo-la-reunion-para-dar-a-conocer-el-ministerio-de-cuidado-y-asesoramiento-pastoral-en-el-distrito-caracas-dtto-capital\/"]}]},{"@type":"ImageObject","inLanguage":"es","@id":"https:\/\/venezuelaprimero.org\/website\/bajo-la-bendicion-de-dios-y-en-victoria-se-llevo-a-cabo-la-reunion-para-dar-a-conocer-el-ministerio-de-cuidado-y-asesoramiento-pastoral-en-el-distrito-caracas-dtto-capital\/#primaryimage","url":"https:\/\/venezuelaprimero.org\/website\/wp-content\/uploads\/2023\/08\/cuidadopastoral2.jpg","contentUrl":"https:\/\/venezuelaprimero.org\/website\/wp-content\/uploads\/2023\/08\/cuidadopastoral2.jpg","width":531,"height":395},{"@type":"BreadcrumbList","@id":"https:\/\/venezuelaprimero.org\/website\/bajo-la-bendicion-de-dios-y-en-victoria-se-llevo-a-cabo-la-reunion-para-dar-a-conocer-el-ministerio-de-cuidado-y-asesoramiento-pastoral-en-el-distrito-caracas-dtto-capital\/#breadcrumb","itemListElement":[{"@type":"ListItem","position":1,"name":"Portada","item":"https:\/\/venezuelaprimero.org\/website\/"},{"@type":"ListItem","position":2,"name":"BAJO LA BENDICI\u00d3N DE DIOS Y EN VICTORIA, SE LLEV\u00d3 A CABO LA REUNI\u00d3N PARA DAR A CONOCER EL MINISTERIO DE CUIDADO Y ASESORAMIENTO PASTORAL EN EL DISTRITO (Caracas, Dtto. Capital)"}]},{"@type":"WebSite","@id":"https:\/\/venezuelaprimero.org\/website\/#website","url":"https:\/\/venezuelaprimero.org\/website\/","name":"Pagina web del distrito Venezuela Primero","description":"Iglesia del nazareno venezuela","publisher":{"@id":"https:\/\/venezuelaprimero.org\/website\/#organization"},"potentialAction":[{"@type":"SearchAction","target":{"@type":"EntryPoint","urlTemplate":"https:\/\/venezuelaprimero.org\/website\/?s={search_term_string}"},"query-input":{"@type":"PropertyValueSpecification","valueRequired":true,"valueName":"search_term_string"}}],"inLanguage":"es"},{"@type":"Organization","@id":"https:\/\/venezuelaprimero.org\/website\/#organization","name":"Pagina web del distrito Venezulea Primero- Iglesia del Nazareno","url":"https:\/\/venezuelaprimero.org\/website\/","logo":{"@type":"ImageObject","inLanguage":"es","@id":"https:\/\/venezuelaprimero.org\/website\/#\/schema\/logo\/image\/","url":"https:\/\/venezuelaprimero.org\/website\/wp-content\/uploads\/2021\/05\/logo-2.png","contentUrl":"https:\/\/venezuelaprimero.org\/website\/wp-content\/uploads\/2021\/05\/logo-2.png","width":1318,"height":383,"caption":"Pagina web del distrito Venezulea Primero- Iglesia del Nazareno"},"image":{"@id":"https:\/\/venezuelaprimero.org\/website\/#\/schema\/logo\/image\/"}},{"@type":"Person","@id":"https:\/\/venezuelaprimero.org\/website\/#\/schema\/person\/01d9e060719fbd2baca5f12e8d1c11d7","name":"gabydeco","image":{"@type":"ImageObject","inLanguage":"es","@id":"https:\/\/venezuelaprimero.org\/website\/#\/schema\/person\/image\/","url":"https:\/\/secure.gravatar.com\/avatar\/b47079897afbbd66d8511cb3f950b82b991a4323e18912d876131ffc7345f186?s=96&d=mm&r=g","contentUrl":"https:\/\/secure.gravatar.com\/avatar\/b47079897afbbd66d8511cb3f950b82b991a4323e18912d876131ffc7345f186?s=96&d=mm&r=g","caption":"gabydeco"}}]}},"_links":{"self":[{"href":"https:\/\/venezuelaprimero.org\/website\/wp-json\/wp\/v2\/posts\/35613","targetHints":{"allow":["GET"]}}],"collection":[{"href":"https:\/\/venezuelaprimero.org\/website\/wp-json\/wp\/v2\/posts"}],"about":[{"href":"https:\/\/venezuelaprimero.org\/website\/wp-json\/wp\/v2\/types\/post"}],"author":[{"embeddable":true,"href":"https:\/\/venezuelaprimero.org\/website\/wp-json\/wp\/v2\/users\/2"}],"replies":[{"embeddable":true,"href":"https:\/\/venezuelaprimero.org\/website\/wp-json\/wp\/v2\/comments?post=35613"}],"version-history":[{"count":1,"href":"https:\/\/venezuelaprimero.org\/website\/wp-json\/wp\/v2\/posts\/35613\/revisions"}],"predecessor-version":[{"id":35617,"href":"https:\/\/venezuelaprimero.org\/website\/wp-json\/wp\/v2\/posts\/35613\/revisions\/35617"}],"wp:featuredmedia":[{"embeddable":true,"href":"https:\/\/venezuelaprimero.org\/website\/wp-json\/wp\/v2\/media\/35615"}],"wp:attachment":[{"href":"https:\/\/venezuelaprimero.org\/website\/wp-json\/wp\/v2\/media?parent=35613"}],"wp:term":[{"taxonomy":"category","embeddable":true,"href":"https:\/\/venezuelaprimero.org\/website\/wp-json\/wp\/v2\/categories?post=35613"},{"taxonomy":"post_tag","embeddable":true,"href":"https:\/\/venezuelaprimero.org\/website\/wp-json\/wp\/v2\/tags?post=35613"}],"curies":[{"name":"wp","href":"https:\/\/api.w.org\/{rel}","templated":true}]}}