{"id":35624,"date":"2023-08-31T13:41:06","date_gmt":"2023-08-31T17:41:06","guid":{"rendered":"https:\/\/venezuelaprimero.org\/website\/?p=35624"},"modified":"2023-10-19T12:52:14","modified_gmt":"2023-10-19T16:52:14","slug":"iglesia-jesus-el-buen-pastor-recibio-45-ninos-en-su-escuela-biblica-vacacional-maracay-aragua","status":"publish","type":"post","link":"https:\/\/venezuelaprimero.org\/website\/iglesia-jesus-el-buen-pastor-recibio-45-ninos-en-su-escuela-biblica-vacacional-maracay-aragua\/","title":{"rendered":"IGLESIA JES\u00daS EL BUEN PASTOR RECIBI\u00d3 45 NI\u00d1OS EN SU ESCUELA B\u00cdBLICA VACACIONAL (MARACAY, ARAGUA)"},"content":{"rendered":"","protected":false},"excerpt":{"rendered":"<p>La IDN Jes\u00fas el buen Pastor Maracay, llev\u00f3 a cabo la EBV El Fabricante de Juguetes desde el d\u00eda 14\/08\/2023 al 18\/08\/2023. Agradecidos primeramente con Dios por cada ni\u00f1o que lleg\u00f3 a ese lugar comenzamos con una asistencia de 45 ni\u00f1os y culminamos con 83 ni\u00f1os fue de bendici\u00f3n, el ser testigos de la sonrisa de cada ni\u00f1o, nos lleno de mucho gozo, el poder impartir alegr\u00edas, ense\u00f1anzas acerca De Dios, jugar con ellos, realizar manualidades y compartir refrigerios, nos dejo un hermoso aprendizaje y Amor por la obra De Dios.<\/p>\n","protected":false},"author":2,"featured_media":35720,"comment_status":"closed","ping_status":"closed","sticky":false,"template":"","format":"standard","meta":{"_acf_changed":false,"_et_pb_use_builder":"","_et_pb_old_content":"","_et_gb_content_width":"","footnotes":""},"categories":[4],"tags":[],"class_list":["post-35624","post","type-post","status-publish","format-standard","has-post-thumbnail","hentry","category-noticias"],"acf":[],"yoast_head":"<!-- This site is optimized with the Yoast SEO plugin v23.5 - https:\/\/yoast.com\/wordpress\/plugins\/seo\/ -->\n<title>IGLESIA JES\u00daS EL BUEN PASTOR RECIBI\u00d3 45 NI\u00d1OS EN SU ESCUELA B\u00cdBLICA VACACIONAL (MARACAY, ARAGUA) - Venezuela primero<\/title>\n<meta name=\"robots\" content=\"index, follow, max-snippet:-1, max-image-preview:large, max-video-preview:-1\" \/>\n<link rel=\"canonical\" href=\"https:\/\/venezuelaprimero.org\/website\/iglesia-jesus-el-buen-pastor-recibio-45-ninos-en-su-escuela-biblica-vacacional-maracay-aragua\/\" \/>\n<meta property=\"og:locale\" content=\"es_ES\" \/>\n<meta property=\"og:type\" content=\"article\" \/>\n<meta property=\"og:title\" content=\"IGLESIA JES\u00daS EL BUEN PASTOR RECIBI\u00d3 45 NI\u00d1OS EN SU ESCUELA B\u00cdBLICA VACACIONAL (MARACAY, ARAGUA) - Venezuela primero\" \/>\n<meta property=\"og:description\" content=\"La IDN Jes\u00fas el buen Pastor Maracay, llev\u00f3 a cabo la EBV El Fabricante de Juguetes desde el d\u00eda 14\/08\/2023 al 18\/08\/2023. Agradecidos primeramente con Dios por cada ni\u00f1o que lleg\u00f3 a ese lugar comenzamos con una asistencia de 45 ni\u00f1os y culminamos con 83 ni\u00f1os fue de bendici\u00f3n, el ser testigos de la sonrisa de cada ni\u00f1o, nos lleno de mucho gozo, el poder impartir alegr\u00edas, ense\u00f1anzas acerca De Dios, jugar con ellos, realizar manualidades y compartir refrigerios, nos dejo un hermoso aprendizaje y Amor por la obra De Dios.\" \/>\n<meta property=\"og:url\" content=\"https:\/\/venezuelaprimero.org\/website\/iglesia-jesus-el-buen-pastor-recibio-45-ninos-en-su-escuela-biblica-vacacional-maracay-aragua\/\" \/>\n<meta property=\"og:site_name\" content=\"Venezuela primero\" \/>\n<meta property=\"article:published_time\" content=\"2023-08-31T17:41:06+00:00\" \/>\n<meta property=\"article:modified_time\" content=\"2023-10-19T16:52:14+00:00\" \/>\n<meta property=\"og:image\" content=\"https:\/\/venezuelaprimero.org\/website\/wp-content\/uploads\/2023\/08\/jebpebv2-1.jpg\" \/>\n\t<meta property=\"og:image:width\" content=\"985\" \/>\n\t<meta property=\"og:image:height\" content=\"669\" \/>\n\t<meta property=\"og:image:type\" content=\"image\/jpeg\" \/>\n<meta name=\"author\" content=\"gabydeco\" \/>\n<meta name=\"twitter:card\" content=\"summary_large_image\" \/>\n<meta name=\"twitter:label1\" content=\"Escrito por\" \/>\n\t<meta name=\"twitter:data1\" content=\"gabydeco\" \/>\n<script type=\"application\/ld+json\" class=\"yoast-schema-graph\">{\"@context\":\"https:\/\/schema.org\",\"@graph\":[{\"@type\":\"Article\",\"@id\":\"https:\/\/venezuelaprimero.org\/website\/iglesia-jesus-el-buen-pastor-recibio-45-ninos-en-su-escuela-biblica-vacacional-maracay-aragua\/#article\",\"isPartOf\":{\"@id\":\"https:\/\/venezuelaprimero.org\/website\/iglesia-jesus-el-buen-pastor-recibio-45-ninos-en-su-escuela-biblica-vacacional-maracay-aragua\/\"},\"author\":{\"name\":\"gabydeco\",\"@id\":\"https:\/\/venezuelaprimero.org\/website\/#\/schema\/person\/01d9e060719fbd2baca5f12e8d1c11d7\"},\"headline\":\"IGLESIA JES\u00daS EL BUEN PASTOR RECIBI\u00d3 45 NI\u00d1OS EN SU ESCUELA B\u00cdBLICA VACACIONAL (MARACAY, ARAGUA)\",\"datePublished\":\"2023-08-31T17:41:06+00:00\",\"dateModified\":\"2023-10-19T16:52:14+00:00\",\"mainEntityOfPage\":{\"@id\":\"https:\/\/venezuelaprimero.org\/website\/iglesia-jesus-el-buen-pastor-recibio-45-ninos-en-su-escuela-biblica-vacacional-maracay-aragua\/\"},\"wordCount\":17,\"publisher\":{\"@id\":\"https:\/\/venezuelaprimero.org\/website\/#organization\"},\"image\":{\"@id\":\"https:\/\/venezuelaprimero.org\/website\/iglesia-jesus-el-buen-pastor-recibio-45-ninos-en-su-escuela-biblica-vacacional-maracay-aragua\/#primaryimage\"},\"thumbnailUrl\":\"https:\/\/venezuelaprimero.org\/website\/wp-content\/uploads\/2023\/08\/jebpebv2-1.jpg\",\"articleSection\":[\"Noticias\"],\"inLanguage\":\"es\"},{\"@type\":\"WebPage\",\"@id\":\"https:\/\/venezuelaprimero.org\/website\/iglesia-jesus-el-buen-pastor-recibio-45-ninos-en-su-escuela-biblica-vacacional-maracay-aragua\/\",\"url\":\"https:\/\/venezuelaprimero.org\/website\/iglesia-jesus-el-buen-pastor-recibio-45-ninos-en-su-escuela-biblica-vacacional-maracay-aragua\/\",\"name\":\"IGLESIA JES\u00daS EL BUEN PASTOR RECIBI\u00d3 45 NI\u00d1OS EN SU ESCUELA B\u00cdBLICA VACACIONAL (MARACAY, ARAGUA) - Venezuela primero\",\"isPartOf\":{\"@id\":\"https:\/\/venezuelaprimero.org\/website\/#website\"},\"primaryImageOfPage\":{\"@id\":\"https:\/\/venezuelaprimero.org\/website\/iglesia-jesus-el-buen-pastor-recibio-45-ninos-en-su-escuela-biblica-vacacional-maracay-aragua\/#primaryimage\"},\"image\":{\"@id\":\"https:\/\/venezuelaprimero.org\/website\/iglesia-jesus-el-buen-pastor-recibio-45-ninos-en-su-escuela-biblica-vacacional-maracay-aragua\/#primaryimage\"},\"thumbnailUrl\":\"https:\/\/venezuelaprimero.org\/website\/wp-content\/uploads\/2023\/08\/jebpebv2-1.jpg\",\"datePublished\":\"2023-08-31T17:41:06+00:00\",\"dateModified\":\"2023-10-19T16:52:14+00:00\",\"breadcrumb\":{\"@id\":\"https:\/\/venezuelaprimero.org\/website\/iglesia-jesus-el-buen-pastor-recibio-45-ninos-en-su-escuela-biblica-vacacional-maracay-aragua\/#breadcrumb\"},\"inLanguage\":\"es\",\"potentialAction\":[{\"@type\":\"ReadAction\",\"target\":[\"https:\/\/venezuelaprimero.org\/website\/iglesia-jesus-el-buen-pastor-recibio-45-ninos-en-su-escuela-biblica-vacacional-maracay-aragua\/\"]}]},{\"@type\":\"ImageObject\",\"inLanguage\":\"es\",\"@id\":\"https:\/\/venezuelaprimero.org\/website\/iglesia-jesus-el-buen-pastor-recibio-45-ninos-en-su-escuela-biblica-vacacional-maracay-aragua\/#primaryimage\",\"url\":\"https:\/\/venezuelaprimero.org\/website\/wp-content\/uploads\/2023\/08\/jebpebv2-1.jpg\",\"contentUrl\":\"https:\/\/venezuelaprimero.org\/website\/wp-content\/uploads\/2023\/08\/jebpebv2-1.jpg\",\"width\":985,\"height\":669},{\"@type\":\"BreadcrumbList\",\"@id\":\"https:\/\/venezuelaprimero.org\/website\/iglesia-jesus-el-buen-pastor-recibio-45-ninos-en-su-escuela-biblica-vacacional-maracay-aragua\/#breadcrumb\",\"itemListElement\":[{\"@type\":\"ListItem\",\"position\":1,\"name\":\"Portada\",\"item\":\"https:\/\/venezuelaprimero.org\/website\/\"},{\"@type\":\"ListItem\",\"position\":2,\"name\":\"IGLESIA JES\u00daS EL BUEN PASTOR RECIBI\u00d3 45 NI\u00d1OS EN SU ESCUELA B\u00cdBLICA VACACIONAL (MARACAY, ARAGUA)\"}]},{\"@type\":\"WebSite\",\"@id\":\"https:\/\/venezuelaprimero.org\/website\/#website\",\"url\":\"https:\/\/venezuelaprimero.org\/website\/\",\"name\":\"Pagina web del distrito Venezuela Primero\",\"description\":\"Iglesia del nazareno venezuela\",\"publisher\":{\"@id\":\"https:\/\/venezuelaprimero.org\/website\/#organization\"},\"potentialAction\":[{\"@type\":\"SearchAction\",\"target\":{\"@type\":\"EntryPoint\",\"urlTemplate\":\"https:\/\/venezuelaprimero.org\/website\/?s={search_term_string}\"},\"query-input\":{\"@type\":\"PropertyValueSpecification\",\"valueRequired\":true,\"valueName\":\"search_term_string\"}}],\"inLanguage\":\"es\"},{\"@type\":\"Organization\",\"@id\":\"https:\/\/venezuelaprimero.org\/website\/#organization\",\"name\":\"Pagina web del distrito Venezulea Primero- Iglesia del Nazareno\",\"url\":\"https:\/\/venezuelaprimero.org\/website\/\",\"logo\":{\"@type\":\"ImageObject\",\"inLanguage\":\"es\",\"@id\":\"https:\/\/venezuelaprimero.org\/website\/#\/schema\/logo\/image\/\",\"url\":\"https:\/\/venezuelaprimero.org\/website\/wp-content\/uploads\/2021\/05\/logo-2.png\",\"contentUrl\":\"https:\/\/venezuelaprimero.org\/website\/wp-content\/uploads\/2021\/05\/logo-2.png\",\"width\":1318,\"height\":383,\"caption\":\"Pagina web del distrito Venezulea Primero- Iglesia del Nazareno\"},\"image\":{\"@id\":\"https:\/\/venezuelaprimero.org\/website\/#\/schema\/logo\/image\/\"}},{\"@type\":\"Person\",\"@id\":\"https:\/\/venezuelaprimero.org\/website\/#\/schema\/person\/01d9e060719fbd2baca5f12e8d1c11d7\",\"name\":\"gabydeco\",\"image\":{\"@type\":\"ImageObject\",\"inLanguage\":\"es\",\"@id\":\"https:\/\/venezuelaprimero.org\/website\/#\/schema\/person\/image\/\",\"url\":\"https:\/\/secure.gravatar.com\/avatar\/b47079897afbbd66d8511cb3f950b82b991a4323e18912d876131ffc7345f186?s=96&d=mm&r=g\",\"contentUrl\":\"https:\/\/secure.gravatar.com\/avatar\/b47079897afbbd66d8511cb3f950b82b991a4323e18912d876131ffc7345f186?s=96&d=mm&r=g\",\"caption\":\"gabydeco\"}}]}<\/script>\n<!-- \/ Yoast SEO plugin. -->","yoast_head_json":{"title":"IGLESIA JES\u00daS EL BUEN PASTOR RECIBI\u00d3 45 NI\u00d1OS EN SU ESCUELA B\u00cdBLICA VACACIONAL (MARACAY, ARAGUA) - Venezuela primero","robots":{"index":"index","follow":"follow","max-snippet":"max-snippet:-1","max-image-preview":"max-image-preview:large","max-video-preview":"max-video-preview:-1"},"canonical":"https:\/\/venezuelaprimero.org\/website\/iglesia-jesus-el-buen-pastor-recibio-45-ninos-en-su-escuela-biblica-vacacional-maracay-aragua\/","og_locale":"es_ES","og_type":"article","og_title":"IGLESIA JES\u00daS EL BUEN PASTOR RECIBI\u00d3 45 NI\u00d1OS EN SU ESCUELA B\u00cdBLICA VACACIONAL (MARACAY, ARAGUA) - Venezuela primero","og_description":"La IDN Jes\u00fas el buen Pastor Maracay, llev\u00f3 a cabo la EBV El Fabricante de Juguetes desde el d\u00eda 14\/08\/2023 al 18\/08\/2023. Agradecidos primeramente con Dios por cada ni\u00f1o que lleg\u00f3 a ese lugar comenzamos con una asistencia de 45 ni\u00f1os y culminamos con 83 ni\u00f1os fue de bendici\u00f3n, el ser testigos de la sonrisa de cada ni\u00f1o, nos lleno de mucho gozo, el poder impartir alegr\u00edas, ense\u00f1anzas acerca De Dios, jugar con ellos, realizar manualidades y compartir refrigerios, nos dejo un hermoso aprendizaje y Amor por la obra De Dios.","og_url":"https:\/\/venezuelaprimero.org\/website\/iglesia-jesus-el-buen-pastor-recibio-45-ninos-en-su-escuela-biblica-vacacional-maracay-aragua\/","og_site_name":"Venezuela primero","article_published_time":"2023-08-31T17:41:06+00:00","article_modified_time":"2023-10-19T16:52:14+00:00","og_image":[{"width":985,"height":669,"url":"https:\/\/venezuelaprimero.org\/website\/wp-content\/uploads\/2023\/08\/jebpebv2-1.jpg","type":"image\/jpeg"}],"author":"gabydeco","twitter_card":"summary_large_image","twitter_misc":{"Escrito por":"gabydeco"},"schema":{"@context":"https:\/\/schema.org","@graph":[{"@type":"Article","@id":"https:\/\/venezuelaprimero.org\/website\/iglesia-jesus-el-buen-pastor-recibio-45-ninos-en-su-escuela-biblica-vacacional-maracay-aragua\/#article","isPartOf":{"@id":"https:\/\/venezuelaprimero.org\/website\/iglesia-jesus-el-buen-pastor-recibio-45-ninos-en-su-escuela-biblica-vacacional-maracay-aragua\/"},"author":{"name":"gabydeco","@id":"https:\/\/venezuelaprimero.org\/website\/#\/schema\/person\/01d9e060719fbd2baca5f12e8d1c11d7"},"headline":"IGLESIA JES\u00daS EL BUEN PASTOR RECIBI\u00d3 45 NI\u00d1OS EN SU ESCUELA B\u00cdBLICA VACACIONAL (MARACAY, ARAGUA)","datePublished":"2023-08-31T17:41:06+00:00","dateModified":"2023-10-19T16:52:14+00:00","mainEntityOfPage":{"@id":"https:\/\/venezuelaprimero.org\/website\/iglesia-jesus-el-buen-pastor-recibio-45-ninos-en-su-escuela-biblica-vacacional-maracay-aragua\/"},"wordCount":17,"publisher":{"@id":"https:\/\/venezuelaprimero.org\/website\/#organization"},"image":{"@id":"https:\/\/venezuelaprimero.org\/website\/iglesia-jesus-el-buen-pastor-recibio-45-ninos-en-su-escuela-biblica-vacacional-maracay-aragua\/#primaryimage"},"thumbnailUrl":"https:\/\/venezuelaprimero.org\/website\/wp-content\/uploads\/2023\/08\/jebpebv2-1.jpg","articleSection":["Noticias"],"inLanguage":"es"},{"@type":"WebPage","@id":"https:\/\/venezuelaprimero.org\/website\/iglesia-jesus-el-buen-pastor-recibio-45-ninos-en-su-escuela-biblica-vacacional-maracay-aragua\/","url":"https:\/\/venezuelaprimero.org\/website\/iglesia-jesus-el-buen-pastor-recibio-45-ninos-en-su-escuela-biblica-vacacional-maracay-aragua\/","name":"IGLESIA JES\u00daS EL BUEN PASTOR RECIBI\u00d3 45 NI\u00d1OS EN SU ESCUELA B\u00cdBLICA VACACIONAL (MARACAY, ARAGUA) - Venezuela primero","isPartOf":{"@id":"https:\/\/venezuelaprimero.org\/website\/#website"},"primaryImageOfPage":{"@id":"https:\/\/venezuelaprimero.org\/website\/iglesia-jesus-el-buen-pastor-recibio-45-ninos-en-su-escuela-biblica-vacacional-maracay-aragua\/#primaryimage"},"image":{"@id":"https:\/\/venezuelaprimero.org\/website\/iglesia-jesus-el-buen-pastor-recibio-45-ninos-en-su-escuela-biblica-vacacional-maracay-aragua\/#primaryimage"},"thumbnailUrl":"https:\/\/venezuelaprimero.org\/website\/wp-content\/uploads\/2023\/08\/jebpebv2-1.jpg","datePublished":"2023-08-31T17:41:06+00:00","dateModified":"2023-10-19T16:52:14+00:00","breadcrumb":{"@id":"https:\/\/venezuelaprimero.org\/website\/iglesia-jesus-el-buen-pastor-recibio-45-ninos-en-su-escuela-biblica-vacacional-maracay-aragua\/#breadcrumb"},"inLanguage":"es","potentialAction":[{"@type":"ReadAction","target":["https:\/\/venezuelaprimero.org\/website\/iglesia-jesus-el-buen-pastor-recibio-45-ninos-en-su-escuela-biblica-vacacional-maracay-aragua\/"]}]},{"@type":"ImageObject","inLanguage":"es","@id":"https:\/\/venezuelaprimero.org\/website\/iglesia-jesus-el-buen-pastor-recibio-45-ninos-en-su-escuela-biblica-vacacional-maracay-aragua\/#primaryimage","url":"https:\/\/venezuelaprimero.org\/website\/wp-content\/uploads\/2023\/08\/jebpebv2-1.jpg","contentUrl":"https:\/\/venezuelaprimero.org\/website\/wp-content\/uploads\/2023\/08\/jebpebv2-1.jpg","width":985,"height":669},{"@type":"BreadcrumbList","@id":"https:\/\/venezuelaprimero.org\/website\/iglesia-jesus-el-buen-pastor-recibio-45-ninos-en-su-escuela-biblica-vacacional-maracay-aragua\/#breadcrumb","itemListElement":[{"@type":"ListItem","position":1,"name":"Portada","item":"https:\/\/venezuelaprimero.org\/website\/"},{"@type":"ListItem","position":2,"name":"IGLESIA JES\u00daS EL BUEN PASTOR RECIBI\u00d3 45 NI\u00d1OS EN SU ESCUELA B\u00cdBLICA VACACIONAL (MARACAY, ARAGUA)"}]},{"@type":"WebSite","@id":"https:\/\/venezuelaprimero.org\/website\/#website","url":"https:\/\/venezuelaprimero.org\/website\/","name":"Pagina web del distrito Venezuela Primero","description":"Iglesia del nazareno venezuela","publisher":{"@id":"https:\/\/venezuelaprimero.org\/website\/#organization"},"potentialAction":[{"@type":"SearchAction","target":{"@type":"EntryPoint","urlTemplate":"https:\/\/venezuelaprimero.org\/website\/?s={search_term_string}"},"query-input":{"@type":"PropertyValueSpecification","valueRequired":true,"valueName":"search_term_string"}}],"inLanguage":"es"},{"@type":"Organization","@id":"https:\/\/venezuelaprimero.org\/website\/#organization","name":"Pagina web del distrito Venezulea Primero- Iglesia del Nazareno","url":"https:\/\/venezuelaprimero.org\/website\/","logo":{"@type":"ImageObject","inLanguage":"es","@id":"https:\/\/venezuelaprimero.org\/website\/#\/schema\/logo\/image\/","url":"https:\/\/venezuelaprimero.org\/website\/wp-content\/uploads\/2021\/05\/logo-2.png","contentUrl":"https:\/\/venezuelaprimero.org\/website\/wp-content\/uploads\/2021\/05\/logo-2.png","width":1318,"height":383,"caption":"Pagina web del distrito Venezulea Primero- Iglesia del Nazareno"},"image":{"@id":"https:\/\/venezuelaprimero.org\/website\/#\/schema\/logo\/image\/"}},{"@type":"Person","@id":"https:\/\/venezuelaprimero.org\/website\/#\/schema\/person\/01d9e060719fbd2baca5f12e8d1c11d7","name":"gabydeco","image":{"@type":"ImageObject","inLanguage":"es","@id":"https:\/\/venezuelaprimero.org\/website\/#\/schema\/person\/image\/","url":"https:\/\/secure.gravatar.com\/avatar\/b47079897afbbd66d8511cb3f950b82b991a4323e18912d876131ffc7345f186?s=96&d=mm&r=g","contentUrl":"https:\/\/secure.gravatar.com\/avatar\/b47079897afbbd66d8511cb3f950b82b991a4323e18912d876131ffc7345f186?s=96&d=mm&r=g","caption":"gabydeco"}}]}},"_links":{"self":[{"href":"https:\/\/venezuelaprimero.org\/website\/wp-json\/wp\/v2\/posts\/35624","targetHints":{"allow":["GET"]}}],"collection":[{"href":"https:\/\/venezuelaprimero.org\/website\/wp-json\/wp\/v2\/posts"}],"about":[{"href":"https:\/\/venezuelaprimero.org\/website\/wp-json\/wp\/v2\/types\/post"}],"author":[{"embeddable":true,"href":"https:\/\/venezuelaprimero.org\/website\/wp-json\/wp\/v2\/users\/2"}],"replies":[{"embeddable":true,"href":"https:\/\/venezuelaprimero.org\/website\/wp-json\/wp\/v2\/comments?post=35624"}],"version-history":[{"count":4,"href":"https:\/\/venezuelaprimero.org\/website\/wp-json\/wp\/v2\/posts\/35624\/revisions"}],"predecessor-version":[{"id":35723,"href":"https:\/\/venezuelaprimero.org\/website\/wp-json\/wp\/v2\/posts\/35624\/revisions\/35723"}],"wp:featuredmedia":[{"embeddable":true,"href":"https:\/\/venezuelaprimero.org\/website\/wp-json\/wp\/v2\/media\/35720"}],"wp:attachment":[{"href":"https:\/\/venezuelaprimero.org\/website\/wp-json\/wp\/v2\/media?parent=35624"}],"wp:term":[{"taxonomy":"category","embeddable":true,"href":"https:\/\/venezuelaprimero.org\/website\/wp-json\/wp\/v2\/categories?post=35624"},{"taxonomy":"post_tag","embeddable":true,"href":"https:\/\/venezuelaprimero.org\/website\/wp-json\/wp\/v2\/tags?post=35624"}],"curies":[{"name":"wp","href":"https:\/\/api.w.org\/{rel}","templated":true}]}}