{"id":35700,"date":"2023-10-18T16:13:53","date_gmt":"2023-10-18T20:13:53","guid":{"rendered":"https:\/\/venezuelaprimero.org\/website\/?p=35700"},"modified":"2023-10-18T16:13:53","modified_gmt":"2023-10-18T20:13:53","slug":"distrito-primero-celebra-la-apertura-de-una-nueva-mti-mision-tipo-iglesia-en-turmero-edo-aragua","status":"publish","type":"post","link":"https:\/\/venezuelaprimero.org\/website\/distrito-primero-celebra-la-apertura-de-una-nueva-mti-mision-tipo-iglesia-en-turmero-edo-aragua\/","title":{"rendered":"Distrito Primero celebra la apertura de una nueva MTI (Misi\u00f3n Tipo Iglesia) en Turmero (Edo. Aragua)"},"content":{"rendered":"","protected":false},"excerpt":{"rendered":"<p>En el cumplimiento del 5to Eje Ministerial, de la Visi\u00f3n Distrital &#8220;A\u00f1o Agradable del Se\u00f1or&#8221;, En el Distrito \u00a0Venezuela Primero, se dio apertura a la nueva M.T.I\u00a0 (Misi\u00f3n Tipo Iglesia) &#8220;Jehov\u00e1 Shalom&#8221; en la U.E.N Creaci\u00f3n el M\u00e1caro, Urb. Sim\u00f3n Bol\u00edvar, frente al Centro Recreacional \u00a0Yesterday, sector M\u00e1caro-Turmero, Edo. Aragua, a cargo de los hermanos M\u00e1ximo Malav\u00e9 e Iris de Malav\u00e9 como Pastores de est\u00e1 \u00a0nueva obra.<\/p>\n","protected":false},"author":2,"featured_media":35704,"comment_status":"closed","ping_status":"closed","sticky":false,"template":"","format":"standard","meta":{"_acf_changed":false,"_et_pb_use_builder":"","_et_pb_old_content":"","_et_gb_content_width":"","footnotes":""},"categories":[4],"tags":[],"class_list":["post-35700","post","type-post","status-publish","format-standard","has-post-thumbnail","hentry","category-noticias"],"acf":[],"yoast_head":"<!-- This site is optimized with the Yoast SEO plugin v23.5 - https:\/\/yoast.com\/wordpress\/plugins\/seo\/ -->\n<title>Distrito Primero celebra la apertura de una nueva MTI (Misi\u00f3n Tipo Iglesia) en Turmero (Edo. Aragua) - Venezuela primero<\/title>\n<meta name=\"robots\" content=\"index, follow, max-snippet:-1, max-image-preview:large, max-video-preview:-1\" \/>\n<link rel=\"canonical\" href=\"https:\/\/venezuelaprimero.org\/website\/distrito-primero-celebra-la-apertura-de-una-nueva-mti-mision-tipo-iglesia-en-turmero-edo-aragua\/\" \/>\n<meta property=\"og:locale\" content=\"es_ES\" \/>\n<meta property=\"og:type\" content=\"article\" \/>\n<meta property=\"og:title\" content=\"Distrito Primero celebra la apertura de una nueva MTI (Misi\u00f3n Tipo Iglesia) en Turmero (Edo. Aragua) - Venezuela primero\" \/>\n<meta property=\"og:description\" content=\"En el cumplimiento del 5to Eje Ministerial, de la Visi\u00f3n Distrital &quot;A\u00f1o Agradable del Se\u00f1or&quot;, En el Distrito \u00a0Venezuela Primero, se dio apertura a la nueva M.T.I\u00a0 (Misi\u00f3n Tipo Iglesia) &quot;Jehov\u00e1 Shalom&quot; en la U.E.N Creaci\u00f3n el M\u00e1caro, Urb. Sim\u00f3n Bol\u00edvar, frente al Centro Recreacional \u00a0Yesterday, sector M\u00e1caro-Turmero, Edo. Aragua, a cargo de los hermanos M\u00e1ximo Malav\u00e9 e Iris de Malav\u00e9 como Pastores de est\u00e1 \u00a0nueva obra.\" \/>\n<meta property=\"og:url\" content=\"https:\/\/venezuelaprimero.org\/website\/distrito-primero-celebra-la-apertura-de-una-nueva-mti-mision-tipo-iglesia-en-turmero-edo-aragua\/\" \/>\n<meta property=\"og:site_name\" content=\"Venezuela primero\" \/>\n<meta property=\"article:published_time\" content=\"2023-10-18T20:13:53+00:00\" \/>\n<meta property=\"og:image\" content=\"https:\/\/venezuelaprimero.org\/website\/wp-content\/uploads\/2023\/10\/jehovashalom4.jpg\" \/>\n\t<meta property=\"og:image:width\" content=\"897\" \/>\n\t<meta property=\"og:image:height\" content=\"682\" \/>\n\t<meta property=\"og:image:type\" content=\"image\/jpeg\" \/>\n<meta name=\"author\" content=\"gabydeco\" \/>\n<meta name=\"twitter:card\" content=\"summary_large_image\" \/>\n<meta name=\"twitter:label1\" content=\"Escrito por\" \/>\n\t<meta name=\"twitter:data1\" content=\"gabydeco\" \/>\n<script type=\"application\/ld+json\" class=\"yoast-schema-graph\">{\"@context\":\"https:\/\/schema.org\",\"@graph\":[{\"@type\":\"Article\",\"@id\":\"https:\/\/venezuelaprimero.org\/website\/distrito-primero-celebra-la-apertura-de-una-nueva-mti-mision-tipo-iglesia-en-turmero-edo-aragua\/#article\",\"isPartOf\":{\"@id\":\"https:\/\/venezuelaprimero.org\/website\/distrito-primero-celebra-la-apertura-de-una-nueva-mti-mision-tipo-iglesia-en-turmero-edo-aragua\/\"},\"author\":{\"name\":\"gabydeco\",\"@id\":\"https:\/\/venezuelaprimero.org\/website\/#\/schema\/person\/01d9e060719fbd2baca5f12e8d1c11d7\"},\"headline\":\"Distrito Primero celebra la apertura de una nueva MTI (Misi\u00f3n Tipo Iglesia) en Turmero (Edo. Aragua)\",\"datePublished\":\"2023-10-18T20:13:53+00:00\",\"dateModified\":\"2023-10-18T20:13:53+00:00\",\"mainEntityOfPage\":{\"@id\":\"https:\/\/venezuelaprimero.org\/website\/distrito-primero-celebra-la-apertura-de-una-nueva-mti-mision-tipo-iglesia-en-turmero-edo-aragua\/\"},\"wordCount\":17,\"publisher\":{\"@id\":\"https:\/\/venezuelaprimero.org\/website\/#organization\"},\"image\":{\"@id\":\"https:\/\/venezuelaprimero.org\/website\/distrito-primero-celebra-la-apertura-de-una-nueva-mti-mision-tipo-iglesia-en-turmero-edo-aragua\/#primaryimage\"},\"thumbnailUrl\":\"https:\/\/venezuelaprimero.org\/website\/wp-content\/uploads\/2023\/10\/jehovashalom4.jpg\",\"articleSection\":[\"Noticias\"],\"inLanguage\":\"es\"},{\"@type\":\"WebPage\",\"@id\":\"https:\/\/venezuelaprimero.org\/website\/distrito-primero-celebra-la-apertura-de-una-nueva-mti-mision-tipo-iglesia-en-turmero-edo-aragua\/\",\"url\":\"https:\/\/venezuelaprimero.org\/website\/distrito-primero-celebra-la-apertura-de-una-nueva-mti-mision-tipo-iglesia-en-turmero-edo-aragua\/\",\"name\":\"Distrito Primero celebra la apertura de una nueva MTI (Misi\u00f3n Tipo Iglesia) en Turmero (Edo. Aragua) - Venezuela primero\",\"isPartOf\":{\"@id\":\"https:\/\/venezuelaprimero.org\/website\/#website\"},\"primaryImageOfPage\":{\"@id\":\"https:\/\/venezuelaprimero.org\/website\/distrito-primero-celebra-la-apertura-de-una-nueva-mti-mision-tipo-iglesia-en-turmero-edo-aragua\/#primaryimage\"},\"image\":{\"@id\":\"https:\/\/venezuelaprimero.org\/website\/distrito-primero-celebra-la-apertura-de-una-nueva-mti-mision-tipo-iglesia-en-turmero-edo-aragua\/#primaryimage\"},\"thumbnailUrl\":\"https:\/\/venezuelaprimero.org\/website\/wp-content\/uploads\/2023\/10\/jehovashalom4.jpg\",\"datePublished\":\"2023-10-18T20:13:53+00:00\",\"dateModified\":\"2023-10-18T20:13:53+00:00\",\"breadcrumb\":{\"@id\":\"https:\/\/venezuelaprimero.org\/website\/distrito-primero-celebra-la-apertura-de-una-nueva-mti-mision-tipo-iglesia-en-turmero-edo-aragua\/#breadcrumb\"},\"inLanguage\":\"es\",\"potentialAction\":[{\"@type\":\"ReadAction\",\"target\":[\"https:\/\/venezuelaprimero.org\/website\/distrito-primero-celebra-la-apertura-de-una-nueva-mti-mision-tipo-iglesia-en-turmero-edo-aragua\/\"]}]},{\"@type\":\"ImageObject\",\"inLanguage\":\"es\",\"@id\":\"https:\/\/venezuelaprimero.org\/website\/distrito-primero-celebra-la-apertura-de-una-nueva-mti-mision-tipo-iglesia-en-turmero-edo-aragua\/#primaryimage\",\"url\":\"https:\/\/venezuelaprimero.org\/website\/wp-content\/uploads\/2023\/10\/jehovashalom4.jpg\",\"contentUrl\":\"https:\/\/venezuelaprimero.org\/website\/wp-content\/uploads\/2023\/10\/jehovashalom4.jpg\",\"width\":897,\"height\":682},{\"@type\":\"BreadcrumbList\",\"@id\":\"https:\/\/venezuelaprimero.org\/website\/distrito-primero-celebra-la-apertura-de-una-nueva-mti-mision-tipo-iglesia-en-turmero-edo-aragua\/#breadcrumb\",\"itemListElement\":[{\"@type\":\"ListItem\",\"position\":1,\"name\":\"Portada\",\"item\":\"https:\/\/venezuelaprimero.org\/website\/\"},{\"@type\":\"ListItem\",\"position\":2,\"name\":\"Distrito Primero celebra la apertura de una nueva MTI (Misi\u00f3n Tipo Iglesia) en Turmero (Edo. Aragua)\"}]},{\"@type\":\"WebSite\",\"@id\":\"https:\/\/venezuelaprimero.org\/website\/#website\",\"url\":\"https:\/\/venezuelaprimero.org\/website\/\",\"name\":\"Pagina web del distrito Venezuela Primero\",\"description\":\"Iglesia del nazareno venezuela\",\"publisher\":{\"@id\":\"https:\/\/venezuelaprimero.org\/website\/#organization\"},\"potentialAction\":[{\"@type\":\"SearchAction\",\"target\":{\"@type\":\"EntryPoint\",\"urlTemplate\":\"https:\/\/venezuelaprimero.org\/website\/?s={search_term_string}\"},\"query-input\":{\"@type\":\"PropertyValueSpecification\",\"valueRequired\":true,\"valueName\":\"search_term_string\"}}],\"inLanguage\":\"es\"},{\"@type\":\"Organization\",\"@id\":\"https:\/\/venezuelaprimero.org\/website\/#organization\",\"name\":\"Pagina web del distrito Venezulea Primero- Iglesia del Nazareno\",\"url\":\"https:\/\/venezuelaprimero.org\/website\/\",\"logo\":{\"@type\":\"ImageObject\",\"inLanguage\":\"es\",\"@id\":\"https:\/\/venezuelaprimero.org\/website\/#\/schema\/logo\/image\/\",\"url\":\"https:\/\/venezuelaprimero.org\/website\/wp-content\/uploads\/2021\/05\/logo-2.png\",\"contentUrl\":\"https:\/\/venezuelaprimero.org\/website\/wp-content\/uploads\/2021\/05\/logo-2.png\",\"width\":1318,\"height\":383,\"caption\":\"Pagina web del distrito Venezulea Primero- Iglesia del Nazareno\"},\"image\":{\"@id\":\"https:\/\/venezuelaprimero.org\/website\/#\/schema\/logo\/image\/\"}},{\"@type\":\"Person\",\"@id\":\"https:\/\/venezuelaprimero.org\/website\/#\/schema\/person\/01d9e060719fbd2baca5f12e8d1c11d7\",\"name\":\"gabydeco\",\"image\":{\"@type\":\"ImageObject\",\"inLanguage\":\"es\",\"@id\":\"https:\/\/venezuelaprimero.org\/website\/#\/schema\/person\/image\/\",\"url\":\"https:\/\/secure.gravatar.com\/avatar\/b47079897afbbd66d8511cb3f950b82b991a4323e18912d876131ffc7345f186?s=96&d=mm&r=g\",\"contentUrl\":\"https:\/\/secure.gravatar.com\/avatar\/b47079897afbbd66d8511cb3f950b82b991a4323e18912d876131ffc7345f186?s=96&d=mm&r=g\",\"caption\":\"gabydeco\"}}]}<\/script>\n<!-- \/ Yoast SEO plugin. -->","yoast_head_json":{"title":"Distrito Primero celebra la apertura de una nueva MTI (Misi\u00f3n Tipo Iglesia) en Turmero (Edo. Aragua) - Venezuela primero","robots":{"index":"index","follow":"follow","max-snippet":"max-snippet:-1","max-image-preview":"max-image-preview:large","max-video-preview":"max-video-preview:-1"},"canonical":"https:\/\/venezuelaprimero.org\/website\/distrito-primero-celebra-la-apertura-de-una-nueva-mti-mision-tipo-iglesia-en-turmero-edo-aragua\/","og_locale":"es_ES","og_type":"article","og_title":"Distrito Primero celebra la apertura de una nueva MTI (Misi\u00f3n Tipo Iglesia) en Turmero (Edo. Aragua) - Venezuela primero","og_description":"En el cumplimiento del 5to Eje Ministerial, de la Visi\u00f3n Distrital \"A\u00f1o Agradable del Se\u00f1or\", En el Distrito \u00a0Venezuela Primero, se dio apertura a la nueva M.T.I\u00a0 (Misi\u00f3n Tipo Iglesia) \"Jehov\u00e1 Shalom\" en la U.E.N Creaci\u00f3n el M\u00e1caro, Urb. Sim\u00f3n Bol\u00edvar, frente al Centro Recreacional \u00a0Yesterday, sector M\u00e1caro-Turmero, Edo. Aragua, a cargo de los hermanos M\u00e1ximo Malav\u00e9 e Iris de Malav\u00e9 como Pastores de est\u00e1 \u00a0nueva obra.","og_url":"https:\/\/venezuelaprimero.org\/website\/distrito-primero-celebra-la-apertura-de-una-nueva-mti-mision-tipo-iglesia-en-turmero-edo-aragua\/","og_site_name":"Venezuela primero","article_published_time":"2023-10-18T20:13:53+00:00","og_image":[{"width":897,"height":682,"url":"https:\/\/venezuelaprimero.org\/website\/wp-content\/uploads\/2023\/10\/jehovashalom4.jpg","type":"image\/jpeg"}],"author":"gabydeco","twitter_card":"summary_large_image","twitter_misc":{"Escrito por":"gabydeco"},"schema":{"@context":"https:\/\/schema.org","@graph":[{"@type":"Article","@id":"https:\/\/venezuelaprimero.org\/website\/distrito-primero-celebra-la-apertura-de-una-nueva-mti-mision-tipo-iglesia-en-turmero-edo-aragua\/#article","isPartOf":{"@id":"https:\/\/venezuelaprimero.org\/website\/distrito-primero-celebra-la-apertura-de-una-nueva-mti-mision-tipo-iglesia-en-turmero-edo-aragua\/"},"author":{"name":"gabydeco","@id":"https:\/\/venezuelaprimero.org\/website\/#\/schema\/person\/01d9e060719fbd2baca5f12e8d1c11d7"},"headline":"Distrito Primero celebra la apertura de una nueva MTI (Misi\u00f3n Tipo Iglesia) en Turmero (Edo. Aragua)","datePublished":"2023-10-18T20:13:53+00:00","dateModified":"2023-10-18T20:13:53+00:00","mainEntityOfPage":{"@id":"https:\/\/venezuelaprimero.org\/website\/distrito-primero-celebra-la-apertura-de-una-nueva-mti-mision-tipo-iglesia-en-turmero-edo-aragua\/"},"wordCount":17,"publisher":{"@id":"https:\/\/venezuelaprimero.org\/website\/#organization"},"image":{"@id":"https:\/\/venezuelaprimero.org\/website\/distrito-primero-celebra-la-apertura-de-una-nueva-mti-mision-tipo-iglesia-en-turmero-edo-aragua\/#primaryimage"},"thumbnailUrl":"https:\/\/venezuelaprimero.org\/website\/wp-content\/uploads\/2023\/10\/jehovashalom4.jpg","articleSection":["Noticias"],"inLanguage":"es"},{"@type":"WebPage","@id":"https:\/\/venezuelaprimero.org\/website\/distrito-primero-celebra-la-apertura-de-una-nueva-mti-mision-tipo-iglesia-en-turmero-edo-aragua\/","url":"https:\/\/venezuelaprimero.org\/website\/distrito-primero-celebra-la-apertura-de-una-nueva-mti-mision-tipo-iglesia-en-turmero-edo-aragua\/","name":"Distrito Primero celebra la apertura de una nueva MTI (Misi\u00f3n Tipo Iglesia) en Turmero (Edo. Aragua) - Venezuela primero","isPartOf":{"@id":"https:\/\/venezuelaprimero.org\/website\/#website"},"primaryImageOfPage":{"@id":"https:\/\/venezuelaprimero.org\/website\/distrito-primero-celebra-la-apertura-de-una-nueva-mti-mision-tipo-iglesia-en-turmero-edo-aragua\/#primaryimage"},"image":{"@id":"https:\/\/venezuelaprimero.org\/website\/distrito-primero-celebra-la-apertura-de-una-nueva-mti-mision-tipo-iglesia-en-turmero-edo-aragua\/#primaryimage"},"thumbnailUrl":"https:\/\/venezuelaprimero.org\/website\/wp-content\/uploads\/2023\/10\/jehovashalom4.jpg","datePublished":"2023-10-18T20:13:53+00:00","dateModified":"2023-10-18T20:13:53+00:00","breadcrumb":{"@id":"https:\/\/venezuelaprimero.org\/website\/distrito-primero-celebra-la-apertura-de-una-nueva-mti-mision-tipo-iglesia-en-turmero-edo-aragua\/#breadcrumb"},"inLanguage":"es","potentialAction":[{"@type":"ReadAction","target":["https:\/\/venezuelaprimero.org\/website\/distrito-primero-celebra-la-apertura-de-una-nueva-mti-mision-tipo-iglesia-en-turmero-edo-aragua\/"]}]},{"@type":"ImageObject","inLanguage":"es","@id":"https:\/\/venezuelaprimero.org\/website\/distrito-primero-celebra-la-apertura-de-una-nueva-mti-mision-tipo-iglesia-en-turmero-edo-aragua\/#primaryimage","url":"https:\/\/venezuelaprimero.org\/website\/wp-content\/uploads\/2023\/10\/jehovashalom4.jpg","contentUrl":"https:\/\/venezuelaprimero.org\/website\/wp-content\/uploads\/2023\/10\/jehovashalom4.jpg","width":897,"height":682},{"@type":"BreadcrumbList","@id":"https:\/\/venezuelaprimero.org\/website\/distrito-primero-celebra-la-apertura-de-una-nueva-mti-mision-tipo-iglesia-en-turmero-edo-aragua\/#breadcrumb","itemListElement":[{"@type":"ListItem","position":1,"name":"Portada","item":"https:\/\/venezuelaprimero.org\/website\/"},{"@type":"ListItem","position":2,"name":"Distrito Primero celebra la apertura de una nueva MTI (Misi\u00f3n Tipo Iglesia) en Turmero (Edo. Aragua)"}]},{"@type":"WebSite","@id":"https:\/\/venezuelaprimero.org\/website\/#website","url":"https:\/\/venezuelaprimero.org\/website\/","name":"Pagina web del distrito Venezuela Primero","description":"Iglesia del nazareno venezuela","publisher":{"@id":"https:\/\/venezuelaprimero.org\/website\/#organization"},"potentialAction":[{"@type":"SearchAction","target":{"@type":"EntryPoint","urlTemplate":"https:\/\/venezuelaprimero.org\/website\/?s={search_term_string}"},"query-input":{"@type":"PropertyValueSpecification","valueRequired":true,"valueName":"search_term_string"}}],"inLanguage":"es"},{"@type":"Organization","@id":"https:\/\/venezuelaprimero.org\/website\/#organization","name":"Pagina web del distrito Venezulea Primero- Iglesia del Nazareno","url":"https:\/\/venezuelaprimero.org\/website\/","logo":{"@type":"ImageObject","inLanguage":"es","@id":"https:\/\/venezuelaprimero.org\/website\/#\/schema\/logo\/image\/","url":"https:\/\/venezuelaprimero.org\/website\/wp-content\/uploads\/2021\/05\/logo-2.png","contentUrl":"https:\/\/venezuelaprimero.org\/website\/wp-content\/uploads\/2021\/05\/logo-2.png","width":1318,"height":383,"caption":"Pagina web del distrito Venezulea Primero- Iglesia del Nazareno"},"image":{"@id":"https:\/\/venezuelaprimero.org\/website\/#\/schema\/logo\/image\/"}},{"@type":"Person","@id":"https:\/\/venezuelaprimero.org\/website\/#\/schema\/person\/01d9e060719fbd2baca5f12e8d1c11d7","name":"gabydeco","image":{"@type":"ImageObject","inLanguage":"es","@id":"https:\/\/venezuelaprimero.org\/website\/#\/schema\/person\/image\/","url":"https:\/\/secure.gravatar.com\/avatar\/b47079897afbbd66d8511cb3f950b82b991a4323e18912d876131ffc7345f186?s=96&d=mm&r=g","contentUrl":"https:\/\/secure.gravatar.com\/avatar\/b47079897afbbd66d8511cb3f950b82b991a4323e18912d876131ffc7345f186?s=96&d=mm&r=g","caption":"gabydeco"}}]}},"_links":{"self":[{"href":"https:\/\/venezuelaprimero.org\/website\/wp-json\/wp\/v2\/posts\/35700","targetHints":{"allow":["GET"]}}],"collection":[{"href":"https:\/\/venezuelaprimero.org\/website\/wp-json\/wp\/v2\/posts"}],"about":[{"href":"https:\/\/venezuelaprimero.org\/website\/wp-json\/wp\/v2\/types\/post"}],"author":[{"embeddable":true,"href":"https:\/\/venezuelaprimero.org\/website\/wp-json\/wp\/v2\/users\/2"}],"replies":[{"embeddable":true,"href":"https:\/\/venezuelaprimero.org\/website\/wp-json\/wp\/v2\/comments?post=35700"}],"version-history":[{"count":1,"href":"https:\/\/venezuelaprimero.org\/website\/wp-json\/wp\/v2\/posts\/35700\/revisions"}],"predecessor-version":[{"id":35705,"href":"https:\/\/venezuelaprimero.org\/website\/wp-json\/wp\/v2\/posts\/35700\/revisions\/35705"}],"wp:featuredmedia":[{"embeddable":true,"href":"https:\/\/venezuelaprimero.org\/website\/wp-json\/wp\/v2\/media\/35704"}],"wp:attachment":[{"href":"https:\/\/venezuelaprimero.org\/website\/wp-json\/wp\/v2\/media?parent=35700"}],"wp:term":[{"taxonomy":"category","embeddable":true,"href":"https:\/\/venezuelaprimero.org\/website\/wp-json\/wp\/v2\/categories?post=35700"},{"taxonomy":"post_tag","embeddable":true,"href":"https:\/\/venezuelaprimero.org\/website\/wp-json\/wp\/v2\/tags?post=35700"}],"curies":[{"name":"wp","href":"https:\/\/api.w.org\/{rel}","templated":true}]}}