{"id":35739,"date":"2024-01-08T12:17:38","date_gmt":"2024-01-08T16:17:38","guid":{"rendered":"https:\/\/venezuelaprimero.org\/website\/?p=35739"},"modified":"2024-01-08T12:17:38","modified_gmt":"2024-01-08T16:17:38","slug":"desafio-nexgen-llega-a-la-zona-oriente-del-distrito-primero-anzoategui-edo-aragua","status":"publish","type":"post","link":"https:\/\/venezuelaprimero.org\/website\/desafio-nexgen-llega-a-la-zona-oriente-del-distrito-primero-anzoategui-edo-aragua\/","title":{"rendered":"Desaf\u00edo NexGen llega a la Zona Oriente del Distrito Primero (Anzo\u00e1tegui, Edo. Aragua)"},"content":{"rendered":"","protected":false},"excerpt":{"rendered":"<p>El 01 de Diciembre del a\u00f1o 2023 se llev\u00f3 a cabo, a partir de las 09:00 am el Primer Congreso &#8220;Desaf\u00edo NexGen&#8221; el cual apunta a la plantaci\u00f3n de Iglesias y el alcance de la nueva Generaci\u00f3n en la expansi\u00f3n del Reino de Dios en la Tierra. La cita se dio en Puerto La Cruz, hospedados por la Pastora Mar\u00eda Tovar de L\u00f3pez con una asistencia de 40 personas de m\u00e1s de 5 iglesias del Nazareno en la Zona.<\/p>\n","protected":false},"author":2,"featured_media":35742,"comment_status":"closed","ping_status":"closed","sticky":false,"template":"","format":"standard","meta":{"_acf_changed":false,"_et_pb_use_builder":"","_et_pb_old_content":"","_et_gb_content_width":"","footnotes":""},"categories":[4],"tags":[],"class_list":["post-35739","post","type-post","status-publish","format-standard","has-post-thumbnail","hentry","category-noticias"],"acf":[],"yoast_head":"<!-- This site is optimized with the Yoast SEO plugin v23.5 - https:\/\/yoast.com\/wordpress\/plugins\/seo\/ -->\n<title>Desaf\u00edo NexGen llega a la Zona Oriente del Distrito Primero (Anzo\u00e1tegui, Edo. Aragua) - Venezuela primero<\/title>\n<meta name=\"robots\" content=\"index, follow, max-snippet:-1, max-image-preview:large, max-video-preview:-1\" \/>\n<link rel=\"canonical\" href=\"https:\/\/venezuelaprimero.org\/website\/desafio-nexgen-llega-a-la-zona-oriente-del-distrito-primero-anzoategui-edo-aragua\/\" \/>\n<meta property=\"og:locale\" content=\"es_ES\" \/>\n<meta property=\"og:type\" content=\"article\" \/>\n<meta property=\"og:title\" content=\"Desaf\u00edo NexGen llega a la Zona Oriente del Distrito Primero (Anzo\u00e1tegui, Edo. Aragua) - Venezuela primero\" \/>\n<meta property=\"og:description\" content=\"El 01 de Diciembre del a\u00f1o 2023 se llev\u00f3 a cabo, a partir de las 09:00 am el Primer Congreso &quot;Desaf\u00edo NexGen&quot; el cual apunta a la plantaci\u00f3n de Iglesias y el alcance de la nueva Generaci\u00f3n en la expansi\u00f3n del Reino de Dios en la Tierra. La cita se dio en Puerto La Cruz, hospedados por la Pastora Mar\u00eda Tovar de L\u00f3pez con una asistencia de 40 personas de m\u00e1s de 5 iglesias del Nazareno en la Zona.\" \/>\n<meta property=\"og:url\" content=\"https:\/\/venezuelaprimero.org\/website\/desafio-nexgen-llega-a-la-zona-oriente-del-distrito-primero-anzoategui-edo-aragua\/\" \/>\n<meta property=\"og:site_name\" content=\"Venezuela primero\" \/>\n<meta property=\"article:published_time\" content=\"2024-01-08T16:17:38+00:00\" \/>\n<meta property=\"og:image\" content=\"https:\/\/venezuelaprimero.org\/website\/wp-content\/uploads\/2024\/01\/nexgen3.jpg\" \/>\n\t<meta property=\"og:image:width\" content=\"1074\" \/>\n\t<meta property=\"og:image:height\" content=\"473\" \/>\n\t<meta property=\"og:image:type\" content=\"image\/jpeg\" \/>\n<meta name=\"author\" content=\"gabydeco\" \/>\n<meta name=\"twitter:card\" content=\"summary_large_image\" \/>\n<meta name=\"twitter:label1\" content=\"Escrito por\" \/>\n\t<meta name=\"twitter:data1\" content=\"gabydeco\" \/>\n<script type=\"application\/ld+json\" class=\"yoast-schema-graph\">{\"@context\":\"https:\/\/schema.org\",\"@graph\":[{\"@type\":\"Article\",\"@id\":\"https:\/\/venezuelaprimero.org\/website\/desafio-nexgen-llega-a-la-zona-oriente-del-distrito-primero-anzoategui-edo-aragua\/#article\",\"isPartOf\":{\"@id\":\"https:\/\/venezuelaprimero.org\/website\/desafio-nexgen-llega-a-la-zona-oriente-del-distrito-primero-anzoategui-edo-aragua\/\"},\"author\":{\"name\":\"gabydeco\",\"@id\":\"https:\/\/venezuelaprimero.org\/website\/#\/schema\/person\/01d9e060719fbd2baca5f12e8d1c11d7\"},\"headline\":\"Desaf\u00edo NexGen llega a la Zona Oriente del Distrito Primero (Anzo\u00e1tegui, Edo. Aragua)\",\"datePublished\":\"2024-01-08T16:17:38+00:00\",\"dateModified\":\"2024-01-08T16:17:38+00:00\",\"mainEntityOfPage\":{\"@id\":\"https:\/\/venezuelaprimero.org\/website\/desafio-nexgen-llega-a-la-zona-oriente-del-distrito-primero-anzoategui-edo-aragua\/\"},\"wordCount\":15,\"publisher\":{\"@id\":\"https:\/\/venezuelaprimero.org\/website\/#organization\"},\"image\":{\"@id\":\"https:\/\/venezuelaprimero.org\/website\/desafio-nexgen-llega-a-la-zona-oriente-del-distrito-primero-anzoategui-edo-aragua\/#primaryimage\"},\"thumbnailUrl\":\"https:\/\/venezuelaprimero.org\/website\/wp-content\/uploads\/2024\/01\/nexgen3.jpg\",\"articleSection\":[\"Noticias\"],\"inLanguage\":\"es\"},{\"@type\":\"WebPage\",\"@id\":\"https:\/\/venezuelaprimero.org\/website\/desafio-nexgen-llega-a-la-zona-oriente-del-distrito-primero-anzoategui-edo-aragua\/\",\"url\":\"https:\/\/venezuelaprimero.org\/website\/desafio-nexgen-llega-a-la-zona-oriente-del-distrito-primero-anzoategui-edo-aragua\/\",\"name\":\"Desaf\u00edo NexGen llega a la Zona Oriente del Distrito Primero (Anzo\u00e1tegui, Edo. Aragua) - Venezuela primero\",\"isPartOf\":{\"@id\":\"https:\/\/venezuelaprimero.org\/website\/#website\"},\"primaryImageOfPage\":{\"@id\":\"https:\/\/venezuelaprimero.org\/website\/desafio-nexgen-llega-a-la-zona-oriente-del-distrito-primero-anzoategui-edo-aragua\/#primaryimage\"},\"image\":{\"@id\":\"https:\/\/venezuelaprimero.org\/website\/desafio-nexgen-llega-a-la-zona-oriente-del-distrito-primero-anzoategui-edo-aragua\/#primaryimage\"},\"thumbnailUrl\":\"https:\/\/venezuelaprimero.org\/website\/wp-content\/uploads\/2024\/01\/nexgen3.jpg\",\"datePublished\":\"2024-01-08T16:17:38+00:00\",\"dateModified\":\"2024-01-08T16:17:38+00:00\",\"breadcrumb\":{\"@id\":\"https:\/\/venezuelaprimero.org\/website\/desafio-nexgen-llega-a-la-zona-oriente-del-distrito-primero-anzoategui-edo-aragua\/#breadcrumb\"},\"inLanguage\":\"es\",\"potentialAction\":[{\"@type\":\"ReadAction\",\"target\":[\"https:\/\/venezuelaprimero.org\/website\/desafio-nexgen-llega-a-la-zona-oriente-del-distrito-primero-anzoategui-edo-aragua\/\"]}]},{\"@type\":\"ImageObject\",\"inLanguage\":\"es\",\"@id\":\"https:\/\/venezuelaprimero.org\/website\/desafio-nexgen-llega-a-la-zona-oriente-del-distrito-primero-anzoategui-edo-aragua\/#primaryimage\",\"url\":\"https:\/\/venezuelaprimero.org\/website\/wp-content\/uploads\/2024\/01\/nexgen3.jpg\",\"contentUrl\":\"https:\/\/venezuelaprimero.org\/website\/wp-content\/uploads\/2024\/01\/nexgen3.jpg\",\"width\":1074,\"height\":473},{\"@type\":\"BreadcrumbList\",\"@id\":\"https:\/\/venezuelaprimero.org\/website\/desafio-nexgen-llega-a-la-zona-oriente-del-distrito-primero-anzoategui-edo-aragua\/#breadcrumb\",\"itemListElement\":[{\"@type\":\"ListItem\",\"position\":1,\"name\":\"Portada\",\"item\":\"https:\/\/venezuelaprimero.org\/website\/\"},{\"@type\":\"ListItem\",\"position\":2,\"name\":\"Desaf\u00edo NexGen llega a la Zona Oriente del Distrito Primero (Anzo\u00e1tegui, Edo. Aragua)\"}]},{\"@type\":\"WebSite\",\"@id\":\"https:\/\/venezuelaprimero.org\/website\/#website\",\"url\":\"https:\/\/venezuelaprimero.org\/website\/\",\"name\":\"Pagina web del distrito Venezuela Primero\",\"description\":\"Iglesia del nazareno venezuela\",\"publisher\":{\"@id\":\"https:\/\/venezuelaprimero.org\/website\/#organization\"},\"potentialAction\":[{\"@type\":\"SearchAction\",\"target\":{\"@type\":\"EntryPoint\",\"urlTemplate\":\"https:\/\/venezuelaprimero.org\/website\/?s={search_term_string}\"},\"query-input\":{\"@type\":\"PropertyValueSpecification\",\"valueRequired\":true,\"valueName\":\"search_term_string\"}}],\"inLanguage\":\"es\"},{\"@type\":\"Organization\",\"@id\":\"https:\/\/venezuelaprimero.org\/website\/#organization\",\"name\":\"Pagina web del distrito Venezulea Primero- Iglesia del Nazareno\",\"url\":\"https:\/\/venezuelaprimero.org\/website\/\",\"logo\":{\"@type\":\"ImageObject\",\"inLanguage\":\"es\",\"@id\":\"https:\/\/venezuelaprimero.org\/website\/#\/schema\/logo\/image\/\",\"url\":\"https:\/\/venezuelaprimero.org\/website\/wp-content\/uploads\/2021\/05\/logo-2.png\",\"contentUrl\":\"https:\/\/venezuelaprimero.org\/website\/wp-content\/uploads\/2021\/05\/logo-2.png\",\"width\":1318,\"height\":383,\"caption\":\"Pagina web del distrito Venezulea Primero- Iglesia del Nazareno\"},\"image\":{\"@id\":\"https:\/\/venezuelaprimero.org\/website\/#\/schema\/logo\/image\/\"}},{\"@type\":\"Person\",\"@id\":\"https:\/\/venezuelaprimero.org\/website\/#\/schema\/person\/01d9e060719fbd2baca5f12e8d1c11d7\",\"name\":\"gabydeco\",\"image\":{\"@type\":\"ImageObject\",\"inLanguage\":\"es\",\"@id\":\"https:\/\/venezuelaprimero.org\/website\/#\/schema\/person\/image\/\",\"url\":\"https:\/\/secure.gravatar.com\/avatar\/b47079897afbbd66d8511cb3f950b82b991a4323e18912d876131ffc7345f186?s=96&d=mm&r=g\",\"contentUrl\":\"https:\/\/secure.gravatar.com\/avatar\/b47079897afbbd66d8511cb3f950b82b991a4323e18912d876131ffc7345f186?s=96&d=mm&r=g\",\"caption\":\"gabydeco\"}}]}<\/script>\n<!-- \/ Yoast SEO plugin. -->","yoast_head_json":{"title":"Desaf\u00edo NexGen llega a la Zona Oriente del Distrito Primero (Anzo\u00e1tegui, Edo. Aragua) - Venezuela primero","robots":{"index":"index","follow":"follow","max-snippet":"max-snippet:-1","max-image-preview":"max-image-preview:large","max-video-preview":"max-video-preview:-1"},"canonical":"https:\/\/venezuelaprimero.org\/website\/desafio-nexgen-llega-a-la-zona-oriente-del-distrito-primero-anzoategui-edo-aragua\/","og_locale":"es_ES","og_type":"article","og_title":"Desaf\u00edo NexGen llega a la Zona Oriente del Distrito Primero (Anzo\u00e1tegui, Edo. Aragua) - Venezuela primero","og_description":"El 01 de Diciembre del a\u00f1o 2023 se llev\u00f3 a cabo, a partir de las 09:00 am el Primer Congreso \"Desaf\u00edo NexGen\" el cual apunta a la plantaci\u00f3n de Iglesias y el alcance de la nueva Generaci\u00f3n en la expansi\u00f3n del Reino de Dios en la Tierra. La cita se dio en Puerto La Cruz, hospedados por la Pastora Mar\u00eda Tovar de L\u00f3pez con una asistencia de 40 personas de m\u00e1s de 5 iglesias del Nazareno en la Zona.","og_url":"https:\/\/venezuelaprimero.org\/website\/desafio-nexgen-llega-a-la-zona-oriente-del-distrito-primero-anzoategui-edo-aragua\/","og_site_name":"Venezuela primero","article_published_time":"2024-01-08T16:17:38+00:00","og_image":[{"width":1074,"height":473,"url":"https:\/\/venezuelaprimero.org\/website\/wp-content\/uploads\/2024\/01\/nexgen3.jpg","type":"image\/jpeg"}],"author":"gabydeco","twitter_card":"summary_large_image","twitter_misc":{"Escrito por":"gabydeco"},"schema":{"@context":"https:\/\/schema.org","@graph":[{"@type":"Article","@id":"https:\/\/venezuelaprimero.org\/website\/desafio-nexgen-llega-a-la-zona-oriente-del-distrito-primero-anzoategui-edo-aragua\/#article","isPartOf":{"@id":"https:\/\/venezuelaprimero.org\/website\/desafio-nexgen-llega-a-la-zona-oriente-del-distrito-primero-anzoategui-edo-aragua\/"},"author":{"name":"gabydeco","@id":"https:\/\/venezuelaprimero.org\/website\/#\/schema\/person\/01d9e060719fbd2baca5f12e8d1c11d7"},"headline":"Desaf\u00edo NexGen llega a la Zona Oriente del Distrito Primero (Anzo\u00e1tegui, Edo. Aragua)","datePublished":"2024-01-08T16:17:38+00:00","dateModified":"2024-01-08T16:17:38+00:00","mainEntityOfPage":{"@id":"https:\/\/venezuelaprimero.org\/website\/desafio-nexgen-llega-a-la-zona-oriente-del-distrito-primero-anzoategui-edo-aragua\/"},"wordCount":15,"publisher":{"@id":"https:\/\/venezuelaprimero.org\/website\/#organization"},"image":{"@id":"https:\/\/venezuelaprimero.org\/website\/desafio-nexgen-llega-a-la-zona-oriente-del-distrito-primero-anzoategui-edo-aragua\/#primaryimage"},"thumbnailUrl":"https:\/\/venezuelaprimero.org\/website\/wp-content\/uploads\/2024\/01\/nexgen3.jpg","articleSection":["Noticias"],"inLanguage":"es"},{"@type":"WebPage","@id":"https:\/\/venezuelaprimero.org\/website\/desafio-nexgen-llega-a-la-zona-oriente-del-distrito-primero-anzoategui-edo-aragua\/","url":"https:\/\/venezuelaprimero.org\/website\/desafio-nexgen-llega-a-la-zona-oriente-del-distrito-primero-anzoategui-edo-aragua\/","name":"Desaf\u00edo NexGen llega a la Zona Oriente del Distrito Primero (Anzo\u00e1tegui, Edo. Aragua) - Venezuela primero","isPartOf":{"@id":"https:\/\/venezuelaprimero.org\/website\/#website"},"primaryImageOfPage":{"@id":"https:\/\/venezuelaprimero.org\/website\/desafio-nexgen-llega-a-la-zona-oriente-del-distrito-primero-anzoategui-edo-aragua\/#primaryimage"},"image":{"@id":"https:\/\/venezuelaprimero.org\/website\/desafio-nexgen-llega-a-la-zona-oriente-del-distrito-primero-anzoategui-edo-aragua\/#primaryimage"},"thumbnailUrl":"https:\/\/venezuelaprimero.org\/website\/wp-content\/uploads\/2024\/01\/nexgen3.jpg","datePublished":"2024-01-08T16:17:38+00:00","dateModified":"2024-01-08T16:17:38+00:00","breadcrumb":{"@id":"https:\/\/venezuelaprimero.org\/website\/desafio-nexgen-llega-a-la-zona-oriente-del-distrito-primero-anzoategui-edo-aragua\/#breadcrumb"},"inLanguage":"es","potentialAction":[{"@type":"ReadAction","target":["https:\/\/venezuelaprimero.org\/website\/desafio-nexgen-llega-a-la-zona-oriente-del-distrito-primero-anzoategui-edo-aragua\/"]}]},{"@type":"ImageObject","inLanguage":"es","@id":"https:\/\/venezuelaprimero.org\/website\/desafio-nexgen-llega-a-la-zona-oriente-del-distrito-primero-anzoategui-edo-aragua\/#primaryimage","url":"https:\/\/venezuelaprimero.org\/website\/wp-content\/uploads\/2024\/01\/nexgen3.jpg","contentUrl":"https:\/\/venezuelaprimero.org\/website\/wp-content\/uploads\/2024\/01\/nexgen3.jpg","width":1074,"height":473},{"@type":"BreadcrumbList","@id":"https:\/\/venezuelaprimero.org\/website\/desafio-nexgen-llega-a-la-zona-oriente-del-distrito-primero-anzoategui-edo-aragua\/#breadcrumb","itemListElement":[{"@type":"ListItem","position":1,"name":"Portada","item":"https:\/\/venezuelaprimero.org\/website\/"},{"@type":"ListItem","position":2,"name":"Desaf\u00edo NexGen llega a la Zona Oriente del Distrito Primero (Anzo\u00e1tegui, Edo. Aragua)"}]},{"@type":"WebSite","@id":"https:\/\/venezuelaprimero.org\/website\/#website","url":"https:\/\/venezuelaprimero.org\/website\/","name":"Pagina web del distrito Venezuela Primero","description":"Iglesia del nazareno venezuela","publisher":{"@id":"https:\/\/venezuelaprimero.org\/website\/#organization"},"potentialAction":[{"@type":"SearchAction","target":{"@type":"EntryPoint","urlTemplate":"https:\/\/venezuelaprimero.org\/website\/?s={search_term_string}"},"query-input":{"@type":"PropertyValueSpecification","valueRequired":true,"valueName":"search_term_string"}}],"inLanguage":"es"},{"@type":"Organization","@id":"https:\/\/venezuelaprimero.org\/website\/#organization","name":"Pagina web del distrito Venezulea Primero- Iglesia del Nazareno","url":"https:\/\/venezuelaprimero.org\/website\/","logo":{"@type":"ImageObject","inLanguage":"es","@id":"https:\/\/venezuelaprimero.org\/website\/#\/schema\/logo\/image\/","url":"https:\/\/venezuelaprimero.org\/website\/wp-content\/uploads\/2021\/05\/logo-2.png","contentUrl":"https:\/\/venezuelaprimero.org\/website\/wp-content\/uploads\/2021\/05\/logo-2.png","width":1318,"height":383,"caption":"Pagina web del distrito Venezulea Primero- Iglesia del Nazareno"},"image":{"@id":"https:\/\/venezuelaprimero.org\/website\/#\/schema\/logo\/image\/"}},{"@type":"Person","@id":"https:\/\/venezuelaprimero.org\/website\/#\/schema\/person\/01d9e060719fbd2baca5f12e8d1c11d7","name":"gabydeco","image":{"@type":"ImageObject","inLanguage":"es","@id":"https:\/\/venezuelaprimero.org\/website\/#\/schema\/person\/image\/","url":"https:\/\/secure.gravatar.com\/avatar\/b47079897afbbd66d8511cb3f950b82b991a4323e18912d876131ffc7345f186?s=96&d=mm&r=g","contentUrl":"https:\/\/secure.gravatar.com\/avatar\/b47079897afbbd66d8511cb3f950b82b991a4323e18912d876131ffc7345f186?s=96&d=mm&r=g","caption":"gabydeco"}}]}},"_links":{"self":[{"href":"https:\/\/venezuelaprimero.org\/website\/wp-json\/wp\/v2\/posts\/35739","targetHints":{"allow":["GET"]}}],"collection":[{"href":"https:\/\/venezuelaprimero.org\/website\/wp-json\/wp\/v2\/posts"}],"about":[{"href":"https:\/\/venezuelaprimero.org\/website\/wp-json\/wp\/v2\/types\/post"}],"author":[{"embeddable":true,"href":"https:\/\/venezuelaprimero.org\/website\/wp-json\/wp\/v2\/users\/2"}],"replies":[{"embeddable":true,"href":"https:\/\/venezuelaprimero.org\/website\/wp-json\/wp\/v2\/comments?post=35739"}],"version-history":[{"count":1,"href":"https:\/\/venezuelaprimero.org\/website\/wp-json\/wp\/v2\/posts\/35739\/revisions"}],"predecessor-version":[{"id":35744,"href":"https:\/\/venezuelaprimero.org\/website\/wp-json\/wp\/v2\/posts\/35739\/revisions\/35744"}],"wp:featuredmedia":[{"embeddable":true,"href":"https:\/\/venezuelaprimero.org\/website\/wp-json\/wp\/v2\/media\/35742"}],"wp:attachment":[{"href":"https:\/\/venezuelaprimero.org\/website\/wp-json\/wp\/v2\/media?parent=35739"}],"wp:term":[{"taxonomy":"category","embeddable":true,"href":"https:\/\/venezuelaprimero.org\/website\/wp-json\/wp\/v2\/categories?post=35739"},{"taxonomy":"post_tag","embeddable":true,"href":"https:\/\/venezuelaprimero.org\/website\/wp-json\/wp\/v2\/tags?post=35739"}],"curies":[{"name":"wp","href":"https:\/\/api.w.org\/{rel}","templated":true}]}}