{"id":36432,"date":"2026-02-25T10:43:37","date_gmt":"2026-02-25T14:43:37","guid":{"rendered":"https:\/\/venezuelaprimero.org\/website\/?p=36432"},"modified":"2026-02-25T10:43:37","modified_gmt":"2026-02-25T14:43:37","slug":"gratitud-y-koinonia-idn-jesus-el-buen-pastor-celebro-con-exito-su-fiesta-de-primicias","status":"publish","type":"post","link":"https:\/\/venezuelaprimero.org\/website\/gratitud-y-koinonia-idn-jesus-el-buen-pastor-celebro-con-exito-su-fiesta-de-primicias\/","title":{"rendered":"Gratitud y Koinon\u00eda: IDN Jes\u00fas El Buen Pastor Celebr\u00f3 con \u00c9xito su &#8220;Fiesta de Primicias&#8221;"},"content":{"rendered":"","protected":false},"excerpt":{"rendered":"","protected":false},"author":2,"featured_media":36436,"comment_status":"closed","ping_status":"closed","sticky":false,"template":"","format":"standard","meta":{"_acf_changed":false,"_et_pb_use_builder":"","_et_pb_old_content":"","_et_gb_content_width":"","footnotes":""},"categories":[4],"tags":[],"class_list":["post-36432","post","type-post","status-publish","format-standard","has-post-thumbnail","hentry","category-noticias"],"acf":[],"yoast_head":"<!-- This site is optimized with the Yoast SEO plugin v23.5 - https:\/\/yoast.com\/wordpress\/plugins\/seo\/ -->\n<title>Gratitud y Koinon\u00eda: IDN Jes\u00fas El Buen Pastor Celebr\u00f3 con \u00c9xito su &quot;Fiesta de Primicias&quot; - Venezuela primero<\/title>\n<meta name=\"robots\" content=\"index, follow, max-snippet:-1, max-image-preview:large, max-video-preview:-1\" \/>\n<link rel=\"canonical\" href=\"https:\/\/venezuelaprimero.org\/website\/gratitud-y-koinonia-idn-jesus-el-buen-pastor-celebro-con-exito-su-fiesta-de-primicias\/\" \/>\n<meta property=\"og:locale\" content=\"es_ES\" \/>\n<meta property=\"og:type\" content=\"article\" \/>\n<meta property=\"og:title\" content=\"Gratitud y Koinon\u00eda: IDN Jes\u00fas El Buen Pastor Celebr\u00f3 con \u00c9xito su &quot;Fiesta de Primicias&quot; - Venezuela primero\" \/>\n<meta property=\"og:url\" content=\"https:\/\/venezuelaprimero.org\/website\/gratitud-y-koinonia-idn-jesus-el-buen-pastor-celebro-con-exito-su-fiesta-de-primicias\/\" \/>\n<meta property=\"og:site_name\" content=\"Venezuela primero\" \/>\n<meta property=\"article:published_time\" content=\"2026-02-25T14:43:37+00:00\" \/>\n<meta property=\"og:image\" content=\"https:\/\/venezuelaprimero.org\/website\/wp-content\/uploads\/2026\/02\/IMG-006.jpg\" \/>\n\t<meta property=\"og:image:width\" content=\"369\" \/>\n\t<meta property=\"og:image:height\" content=\"255\" \/>\n\t<meta property=\"og:image:type\" content=\"image\/jpeg\" \/>\n<meta name=\"author\" content=\"gabydeco\" \/>\n<meta name=\"twitter:card\" content=\"summary_large_image\" \/>\n<meta name=\"twitter:label1\" content=\"Escrito por\" \/>\n\t<meta name=\"twitter:data1\" content=\"gabydeco\" \/>\n\t<meta name=\"twitter:label2\" content=\"Tiempo de lectura\" \/>\n\t<meta name=\"twitter:data2\" content=\"1 minuto\" \/>\n<script type=\"application\/ld+json\" class=\"yoast-schema-graph\">{\"@context\":\"https:\/\/schema.org\",\"@graph\":[{\"@type\":\"Article\",\"@id\":\"https:\/\/venezuelaprimero.org\/website\/gratitud-y-koinonia-idn-jesus-el-buen-pastor-celebro-con-exito-su-fiesta-de-primicias\/#article\",\"isPartOf\":{\"@id\":\"https:\/\/venezuelaprimero.org\/website\/gratitud-y-koinonia-idn-jesus-el-buen-pastor-celebro-con-exito-su-fiesta-de-primicias\/\"},\"author\":{\"name\":\"gabydeco\",\"@id\":\"https:\/\/venezuelaprimero.org\/website\/#\/schema\/person\/01d9e060719fbd2baca5f12e8d1c11d7\"},\"headline\":\"Gratitud y Koinon\u00eda: IDN Jes\u00fas El Buen Pastor Celebr\u00f3 con \u00c9xito su &#8220;Fiesta de Primicias&#8221;\",\"datePublished\":\"2026-02-25T14:43:37+00:00\",\"dateModified\":\"2026-02-25T14:43:37+00:00\",\"mainEntityOfPage\":{\"@id\":\"https:\/\/venezuelaprimero.org\/website\/gratitud-y-koinonia-idn-jesus-el-buen-pastor-celebro-con-exito-su-fiesta-de-primicias\/\"},\"wordCount\":17,\"publisher\":{\"@id\":\"https:\/\/venezuelaprimero.org\/website\/#organization\"},\"image\":{\"@id\":\"https:\/\/venezuelaprimero.org\/website\/gratitud-y-koinonia-idn-jesus-el-buen-pastor-celebro-con-exito-su-fiesta-de-primicias\/#primaryimage\"},\"thumbnailUrl\":\"https:\/\/venezuelaprimero.org\/website\/wp-content\/uploads\/2026\/02\/IMG-006.jpg\",\"articleSection\":[\"Noticias\"],\"inLanguage\":\"es\"},{\"@type\":\"WebPage\",\"@id\":\"https:\/\/venezuelaprimero.org\/website\/gratitud-y-koinonia-idn-jesus-el-buen-pastor-celebro-con-exito-su-fiesta-de-primicias\/\",\"url\":\"https:\/\/venezuelaprimero.org\/website\/gratitud-y-koinonia-idn-jesus-el-buen-pastor-celebro-con-exito-su-fiesta-de-primicias\/\",\"name\":\"Gratitud y Koinon\u00eda: IDN Jes\u00fas El Buen Pastor Celebr\u00f3 con \u00c9xito su \\\"Fiesta de Primicias\\\" - Venezuela primero\",\"isPartOf\":{\"@id\":\"https:\/\/venezuelaprimero.org\/website\/#website\"},\"primaryImageOfPage\":{\"@id\":\"https:\/\/venezuelaprimero.org\/website\/gratitud-y-koinonia-idn-jesus-el-buen-pastor-celebro-con-exito-su-fiesta-de-primicias\/#primaryimage\"},\"image\":{\"@id\":\"https:\/\/venezuelaprimero.org\/website\/gratitud-y-koinonia-idn-jesus-el-buen-pastor-celebro-con-exito-su-fiesta-de-primicias\/#primaryimage\"},\"thumbnailUrl\":\"https:\/\/venezuelaprimero.org\/website\/wp-content\/uploads\/2026\/02\/IMG-006.jpg\",\"datePublished\":\"2026-02-25T14:43:37+00:00\",\"dateModified\":\"2026-02-25T14:43:37+00:00\",\"breadcrumb\":{\"@id\":\"https:\/\/venezuelaprimero.org\/website\/gratitud-y-koinonia-idn-jesus-el-buen-pastor-celebro-con-exito-su-fiesta-de-primicias\/#breadcrumb\"},\"inLanguage\":\"es\",\"potentialAction\":[{\"@type\":\"ReadAction\",\"target\":[\"https:\/\/venezuelaprimero.org\/website\/gratitud-y-koinonia-idn-jesus-el-buen-pastor-celebro-con-exito-su-fiesta-de-primicias\/\"]}]},{\"@type\":\"ImageObject\",\"inLanguage\":\"es\",\"@id\":\"https:\/\/venezuelaprimero.org\/website\/gratitud-y-koinonia-idn-jesus-el-buen-pastor-celebro-con-exito-su-fiesta-de-primicias\/#primaryimage\",\"url\":\"https:\/\/venezuelaprimero.org\/website\/wp-content\/uploads\/2026\/02\/IMG-006.jpg\",\"contentUrl\":\"https:\/\/venezuelaprimero.org\/website\/wp-content\/uploads\/2026\/02\/IMG-006.jpg\",\"width\":369,\"height\":255},{\"@type\":\"BreadcrumbList\",\"@id\":\"https:\/\/venezuelaprimero.org\/website\/gratitud-y-koinonia-idn-jesus-el-buen-pastor-celebro-con-exito-su-fiesta-de-primicias\/#breadcrumb\",\"itemListElement\":[{\"@type\":\"ListItem\",\"position\":1,\"name\":\"Portada\",\"item\":\"https:\/\/venezuelaprimero.org\/website\/\"},{\"@type\":\"ListItem\",\"position\":2,\"name\":\"Gratitud y Koinon\u00eda: IDN Jes\u00fas El Buen Pastor Celebr\u00f3 con \u00c9xito su &#8220;Fiesta de Primicias&#8221;\"}]},{\"@type\":\"WebSite\",\"@id\":\"https:\/\/venezuelaprimero.org\/website\/#website\",\"url\":\"https:\/\/venezuelaprimero.org\/website\/\",\"name\":\"Pagina web del distrito Venezuela Primero\",\"description\":\"Iglesia del nazareno venezuela\",\"publisher\":{\"@id\":\"https:\/\/venezuelaprimero.org\/website\/#organization\"},\"potentialAction\":[{\"@type\":\"SearchAction\",\"target\":{\"@type\":\"EntryPoint\",\"urlTemplate\":\"https:\/\/venezuelaprimero.org\/website\/?s={search_term_string}\"},\"query-input\":{\"@type\":\"PropertyValueSpecification\",\"valueRequired\":true,\"valueName\":\"search_term_string\"}}],\"inLanguage\":\"es\"},{\"@type\":\"Organization\",\"@id\":\"https:\/\/venezuelaprimero.org\/website\/#organization\",\"name\":\"Pagina web del distrito Venezulea Primero- Iglesia del Nazareno\",\"url\":\"https:\/\/venezuelaprimero.org\/website\/\",\"logo\":{\"@type\":\"ImageObject\",\"inLanguage\":\"es\",\"@id\":\"https:\/\/venezuelaprimero.org\/website\/#\/schema\/logo\/image\/\",\"url\":\"https:\/\/venezuelaprimero.org\/website\/wp-content\/uploads\/2021\/05\/logo-2.png\",\"contentUrl\":\"https:\/\/venezuelaprimero.org\/website\/wp-content\/uploads\/2021\/05\/logo-2.png\",\"width\":1318,\"height\":383,\"caption\":\"Pagina web del distrito Venezulea Primero- Iglesia del Nazareno\"},\"image\":{\"@id\":\"https:\/\/venezuelaprimero.org\/website\/#\/schema\/logo\/image\/\"}},{\"@type\":\"Person\",\"@id\":\"https:\/\/venezuelaprimero.org\/website\/#\/schema\/person\/01d9e060719fbd2baca5f12e8d1c11d7\",\"name\":\"gabydeco\",\"image\":{\"@type\":\"ImageObject\",\"inLanguage\":\"es\",\"@id\":\"https:\/\/venezuelaprimero.org\/website\/#\/schema\/person\/image\/\",\"url\":\"https:\/\/secure.gravatar.com\/avatar\/b47079897afbbd66d8511cb3f950b82b991a4323e18912d876131ffc7345f186?s=96&d=mm&r=g\",\"contentUrl\":\"https:\/\/secure.gravatar.com\/avatar\/b47079897afbbd66d8511cb3f950b82b991a4323e18912d876131ffc7345f186?s=96&d=mm&r=g\",\"caption\":\"gabydeco\"}}]}<\/script>\n<!-- \/ Yoast SEO plugin. -->","yoast_head_json":{"title":"Gratitud y Koinon\u00eda: IDN Jes\u00fas El Buen Pastor Celebr\u00f3 con \u00c9xito su \"Fiesta de Primicias\" - Venezuela primero","robots":{"index":"index","follow":"follow","max-snippet":"max-snippet:-1","max-image-preview":"max-image-preview:large","max-video-preview":"max-video-preview:-1"},"canonical":"https:\/\/venezuelaprimero.org\/website\/gratitud-y-koinonia-idn-jesus-el-buen-pastor-celebro-con-exito-su-fiesta-de-primicias\/","og_locale":"es_ES","og_type":"article","og_title":"Gratitud y Koinon\u00eda: IDN Jes\u00fas El Buen Pastor Celebr\u00f3 con \u00c9xito su \"Fiesta de Primicias\" - Venezuela primero","og_url":"https:\/\/venezuelaprimero.org\/website\/gratitud-y-koinonia-idn-jesus-el-buen-pastor-celebro-con-exito-su-fiesta-de-primicias\/","og_site_name":"Venezuela primero","article_published_time":"2026-02-25T14:43:37+00:00","og_image":[{"width":369,"height":255,"url":"https:\/\/venezuelaprimero.org\/website\/wp-content\/uploads\/2026\/02\/IMG-006.jpg","type":"image\/jpeg"}],"author":"gabydeco","twitter_card":"summary_large_image","twitter_misc":{"Escrito por":"gabydeco","Tiempo de lectura":"1 minuto"},"schema":{"@context":"https:\/\/schema.org","@graph":[{"@type":"Article","@id":"https:\/\/venezuelaprimero.org\/website\/gratitud-y-koinonia-idn-jesus-el-buen-pastor-celebro-con-exito-su-fiesta-de-primicias\/#article","isPartOf":{"@id":"https:\/\/venezuelaprimero.org\/website\/gratitud-y-koinonia-idn-jesus-el-buen-pastor-celebro-con-exito-su-fiesta-de-primicias\/"},"author":{"name":"gabydeco","@id":"https:\/\/venezuelaprimero.org\/website\/#\/schema\/person\/01d9e060719fbd2baca5f12e8d1c11d7"},"headline":"Gratitud y Koinon\u00eda: IDN Jes\u00fas El Buen Pastor Celebr\u00f3 con \u00c9xito su &#8220;Fiesta de Primicias&#8221;","datePublished":"2026-02-25T14:43:37+00:00","dateModified":"2026-02-25T14:43:37+00:00","mainEntityOfPage":{"@id":"https:\/\/venezuelaprimero.org\/website\/gratitud-y-koinonia-idn-jesus-el-buen-pastor-celebro-con-exito-su-fiesta-de-primicias\/"},"wordCount":17,"publisher":{"@id":"https:\/\/venezuelaprimero.org\/website\/#organization"},"image":{"@id":"https:\/\/venezuelaprimero.org\/website\/gratitud-y-koinonia-idn-jesus-el-buen-pastor-celebro-con-exito-su-fiesta-de-primicias\/#primaryimage"},"thumbnailUrl":"https:\/\/venezuelaprimero.org\/website\/wp-content\/uploads\/2026\/02\/IMG-006.jpg","articleSection":["Noticias"],"inLanguage":"es"},{"@type":"WebPage","@id":"https:\/\/venezuelaprimero.org\/website\/gratitud-y-koinonia-idn-jesus-el-buen-pastor-celebro-con-exito-su-fiesta-de-primicias\/","url":"https:\/\/venezuelaprimero.org\/website\/gratitud-y-koinonia-idn-jesus-el-buen-pastor-celebro-con-exito-su-fiesta-de-primicias\/","name":"Gratitud y Koinon\u00eda: IDN Jes\u00fas El Buen Pastor Celebr\u00f3 con \u00c9xito su \"Fiesta de Primicias\" - Venezuela primero","isPartOf":{"@id":"https:\/\/venezuelaprimero.org\/website\/#website"},"primaryImageOfPage":{"@id":"https:\/\/venezuelaprimero.org\/website\/gratitud-y-koinonia-idn-jesus-el-buen-pastor-celebro-con-exito-su-fiesta-de-primicias\/#primaryimage"},"image":{"@id":"https:\/\/venezuelaprimero.org\/website\/gratitud-y-koinonia-idn-jesus-el-buen-pastor-celebro-con-exito-su-fiesta-de-primicias\/#primaryimage"},"thumbnailUrl":"https:\/\/venezuelaprimero.org\/website\/wp-content\/uploads\/2026\/02\/IMG-006.jpg","datePublished":"2026-02-25T14:43:37+00:00","dateModified":"2026-02-25T14:43:37+00:00","breadcrumb":{"@id":"https:\/\/venezuelaprimero.org\/website\/gratitud-y-koinonia-idn-jesus-el-buen-pastor-celebro-con-exito-su-fiesta-de-primicias\/#breadcrumb"},"inLanguage":"es","potentialAction":[{"@type":"ReadAction","target":["https:\/\/venezuelaprimero.org\/website\/gratitud-y-koinonia-idn-jesus-el-buen-pastor-celebro-con-exito-su-fiesta-de-primicias\/"]}]},{"@type":"ImageObject","inLanguage":"es","@id":"https:\/\/venezuelaprimero.org\/website\/gratitud-y-koinonia-idn-jesus-el-buen-pastor-celebro-con-exito-su-fiesta-de-primicias\/#primaryimage","url":"https:\/\/venezuelaprimero.org\/website\/wp-content\/uploads\/2026\/02\/IMG-006.jpg","contentUrl":"https:\/\/venezuelaprimero.org\/website\/wp-content\/uploads\/2026\/02\/IMG-006.jpg","width":369,"height":255},{"@type":"BreadcrumbList","@id":"https:\/\/venezuelaprimero.org\/website\/gratitud-y-koinonia-idn-jesus-el-buen-pastor-celebro-con-exito-su-fiesta-de-primicias\/#breadcrumb","itemListElement":[{"@type":"ListItem","position":1,"name":"Portada","item":"https:\/\/venezuelaprimero.org\/website\/"},{"@type":"ListItem","position":2,"name":"Gratitud y Koinon\u00eda: IDN Jes\u00fas El Buen Pastor Celebr\u00f3 con \u00c9xito su &#8220;Fiesta de Primicias&#8221;"}]},{"@type":"WebSite","@id":"https:\/\/venezuelaprimero.org\/website\/#website","url":"https:\/\/venezuelaprimero.org\/website\/","name":"Pagina web del distrito Venezuela Primero","description":"Iglesia del nazareno venezuela","publisher":{"@id":"https:\/\/venezuelaprimero.org\/website\/#organization"},"potentialAction":[{"@type":"SearchAction","target":{"@type":"EntryPoint","urlTemplate":"https:\/\/venezuelaprimero.org\/website\/?s={search_term_string}"},"query-input":{"@type":"PropertyValueSpecification","valueRequired":true,"valueName":"search_term_string"}}],"inLanguage":"es"},{"@type":"Organization","@id":"https:\/\/venezuelaprimero.org\/website\/#organization","name":"Pagina web del distrito Venezulea Primero- Iglesia del Nazareno","url":"https:\/\/venezuelaprimero.org\/website\/","logo":{"@type":"ImageObject","inLanguage":"es","@id":"https:\/\/venezuelaprimero.org\/website\/#\/schema\/logo\/image\/","url":"https:\/\/venezuelaprimero.org\/website\/wp-content\/uploads\/2021\/05\/logo-2.png","contentUrl":"https:\/\/venezuelaprimero.org\/website\/wp-content\/uploads\/2021\/05\/logo-2.png","width":1318,"height":383,"caption":"Pagina web del distrito Venezulea Primero- Iglesia del Nazareno"},"image":{"@id":"https:\/\/venezuelaprimero.org\/website\/#\/schema\/logo\/image\/"}},{"@type":"Person","@id":"https:\/\/venezuelaprimero.org\/website\/#\/schema\/person\/01d9e060719fbd2baca5f12e8d1c11d7","name":"gabydeco","image":{"@type":"ImageObject","inLanguage":"es","@id":"https:\/\/venezuelaprimero.org\/website\/#\/schema\/person\/image\/","url":"https:\/\/secure.gravatar.com\/avatar\/b47079897afbbd66d8511cb3f950b82b991a4323e18912d876131ffc7345f186?s=96&d=mm&r=g","contentUrl":"https:\/\/secure.gravatar.com\/avatar\/b47079897afbbd66d8511cb3f950b82b991a4323e18912d876131ffc7345f186?s=96&d=mm&r=g","caption":"gabydeco"}}]}},"_links":{"self":[{"href":"https:\/\/venezuelaprimero.org\/website\/wp-json\/wp\/v2\/posts\/36432","targetHints":{"allow":["GET"]}}],"collection":[{"href":"https:\/\/venezuelaprimero.org\/website\/wp-json\/wp\/v2\/posts"}],"about":[{"href":"https:\/\/venezuelaprimero.org\/website\/wp-json\/wp\/v2\/types\/post"}],"author":[{"embeddable":true,"href":"https:\/\/venezuelaprimero.org\/website\/wp-json\/wp\/v2\/users\/2"}],"replies":[{"embeddable":true,"href":"https:\/\/venezuelaprimero.org\/website\/wp-json\/wp\/v2\/comments?post=36432"}],"version-history":[{"count":1,"href":"https:\/\/venezuelaprimero.org\/website\/wp-json\/wp\/v2\/posts\/36432\/revisions"}],"predecessor-version":[{"id":36437,"href":"https:\/\/venezuelaprimero.org\/website\/wp-json\/wp\/v2\/posts\/36432\/revisions\/36437"}],"wp:featuredmedia":[{"embeddable":true,"href":"https:\/\/venezuelaprimero.org\/website\/wp-json\/wp\/v2\/media\/36436"}],"wp:attachment":[{"href":"https:\/\/venezuelaprimero.org\/website\/wp-json\/wp\/v2\/media?parent=36432"}],"wp:term":[{"taxonomy":"category","embeddable":true,"href":"https:\/\/venezuelaprimero.org\/website\/wp-json\/wp\/v2\/categories?post=36432"},{"taxonomy":"post_tag","embeddable":true,"href":"https:\/\/venezuelaprimero.org\/website\/wp-json\/wp\/v2\/tags?post=36432"}],"curies":[{"name":"wp","href":"https:\/\/api.w.org\/{rel}","templated":true}]}}